{"id":561423,"date":"2025-11-27T03:51:13","date_gmt":"2025-11-27T03:51:13","guid":{"rendered":"https:\/\/www.europesays.com\/fr\/561423\/"},"modified":"2025-11-27T03:51:13","modified_gmt":"2025-11-27T03:51:13","slug":"premiere-au-chu-de-nantes-une-maladie-neuromusculaire-genetique-rare-depistee-avant","status":"publish","type":"post","link":"https:\/\/www.europesays.com\/fr\/561423\/","title":{"rendered":"Premi\u00e8re au CHU de Nantes, une maladie neuromusculaire g\u00e9n\u00e9tique rare d\u00e9pist\u00e9e avant"},"content":{"rendered":"<p>Le d\u00e9pistage\u00a0n\u00e9onatal consiste \u00e0\u00a0pr\u00e9lever des gouttes de sang sur le talon du nouveau-n\u00e9 et de les d\u00e9poser sur un buvard pour analyse. La prise de sang peut \u00eatre faite aussi par voie veineuse.<\/p>\n<p>Jusqu\u2019en septembre, seulement treize maladies \u00e9taient recherch\u00e9es de cette fa\u00e7on. Depuis, trois affections suppl\u00e9mentaires ont \u00e9t\u00e9 rajout\u00e9es \u00e0 la liste, notamment l\u2019amyotrophie spinale infantile, une maladie neuromusculaire g\u00e9n\u00e9tique rare qui se caract\u00e9rise par une faiblesse musculaire progressive.<\/p>\n<p>C\u2019est\u00a0cette pathologie qui vient d\u2019\u00eatre d\u00e9pist\u00e9e sur un nouveau-n\u00e9 au CHU de Nantes. <strong>\u00ab\u00a0Une premi\u00e8re dans le cadre du d\u00e9pistage n\u00e9onatal \u00e9largi\u00a0\u00bb,<\/strong> selon le CHU. Cette d\u00e9tection r\u00e9alis\u00e9e avant l\u2019apparition des premiers sympt\u00f4mes a permis \u00e0\u00a0l\u2019enfant de b\u00e9n\u00e9ficier de soins adapt\u00e9s. Cette prise en charge rapide offre un bien meilleur pronostic par rapport \u00e0 des enfants trait\u00e9s apr\u00e8s l\u2019apparition des premiers signes cliniques.<\/p>\n<p>\u00a0<\/p>\n","protected":false},"excerpt":{"rendered":"Le d\u00e9pistage\u00a0n\u00e9onatal consiste \u00e0\u00a0pr\u00e9lever des gouttes de sang sur le talon du nouveau-n\u00e9 et de les d\u00e9poser sur&hellip;\n","protected":false},"author":2,"featured_media":561424,"comment_status":"","ping_status":"","sticky":false,"template":"","format":"standard","meta":{"footnotes":""},"categories":[2818],"tags":[1111,11,67801,4309,67800,1777,674,1011,27,22747,226,766,67799,12,2636,14649,25,29765],"class_list":{"0":"post-561423","1":"post","2":"type-post","3":"status-publish","4":"format-standard","5":"has-post-thumbnail","7":"category-nantes","8":"tag-actu","9":"tag-actualites","10":"tag-apparition","11":"tag-chu","12":"tag-depistee","13":"tag-eu","14":"tag-europe","15":"tag-fr","16":"tag-france","17":"tag-genetique","18":"tag-maladie","19":"tag-nantes","20":"tag-neuromusculaire","21":"tag-news","22":"tag-pays-de-la-loire","23":"tag-rare","24":"tag-republique-francaise","25":"tag-symptomes"},"share_on_mastodon":{"url":"https:\/\/pubeurope.com\/@fr\/115619632495893842","error":""},"_links":{"self":[{"href":"https:\/\/www.europesays.com\/fr\/wp-json\/wp\/v2\/posts\/561423","targetHints":{"allow":["GET"]}}],"collection":[{"href":"https:\/\/www.europesays.com\/fr\/wp-json\/wp\/v2\/posts"}],"about":[{"href":"https:\/\/www.europesays.com\/fr\/wp-json\/wp\/v2\/types\/post"}],"author":[{"embeddable":true,"href":"https:\/\/www.europesays.com\/fr\/wp-json\/wp\/v2\/users\/2"}],"replies":[{"embeddable":true,"href":"https:\/\/www.europesays.com\/fr\/wp-json\/wp\/v2\/comments?post=561423"}],"version-history":[{"count":0,"href":"https:\/\/www.europesays.com\/fr\/wp-json\/wp\/v2\/posts\/561423\/revisions"}],"wp:featuredmedia":[{"embeddable":true,"href":"https:\/\/www.europesays.com\/fr\/wp-json\/wp\/v2\/media\/561424"}],"wp:attachment":[{"href":"https:\/\/www.europesays.com\/fr\/wp-json\/wp\/v2\/media?parent=561423"}],"wp:term":[{"taxonomy":"category","embeddable":true,"href":"https:\/\/www.europesays.com\/fr\/wp-json\/wp\/v2\/categories?post=561423"},{"taxonomy":"post_tag","embeddable":true,"href":"https:\/\/www.europesays.com\/fr\/wp-json\/wp\/v2\/tags?post=561423"}],"curies":[{"name":"wp","href":"https:\/\/api.w.org\/{rel}","templated":true}]}}