{"id":561425,"date":"2025-11-27T03:54:13","date_gmt":"2025-11-27T03:54:13","guid":{"rendered":"https:\/\/www.europesays.com\/fr\/561425\/"},"modified":"2025-11-27T03:54:13","modified_gmt":"2025-11-27T03:54:13","slug":"luis-castro-vire-waldemar-kita-est-a-bout","status":"publish","type":"post","link":"https:\/\/www.europesays.com\/fr\/561425\/","title":{"rendered":"Luis Castro vir\u00e9, Waldemar Kita est \u00e0 bout"},"content":{"rendered":"<p><b>15e de <a href=\"https:\/\/www.foot01.com\/ligue1\" title=\"Ligue 1\" target=\"_blank\" rel=\"noopener\">Ligue 1<\/a>, le FC Nantes r\u00e9alise un d\u00e9but de saison cauchemardesque avec seulement deux victoires au compteur. Une situation intenable pour Luis Castro, de plus en plus fortement menac\u00e9 par Waldemar Kita.<\/b>Le d\u00e9but de saison du FC Nantes n\u2019est clairement pas \u00e0 la hauteur des attentes. Certes, les Canaris ont beaucoup vendu cet \u00e9t\u00e9 et ils ont entam\u00e9 un nouveau cycle avec l\u2019arriv\u00e9e de Luis Castro au poste d\u2019entra\u00eeneur. <a href=\"https:\/\/www.foot01.com\/nantes\/nantes-kita-prend-une-folle-decision\" target=\"_self\" rel=\"noopener\">Le clan Kita<\/a> a mis un point d\u2019honneur \u00e0 ne pas r\u00e9p\u00e9ter les erreurs du pass\u00e9, avec une volont\u00e9 assum\u00e9e de laisser du temps \u00e0 l\u2019ex-entra\u00eeneur de Dunkerque. Probl\u00e8me, ni les r\u00e9sultats ni la mani\u00e8re de jouer ne donnent pour l\u2019instant satisfaction apr\u00e8s trois mois de comp\u00e9tition. Nantes reste sur deux d\u00e9faites et deux matchs nuls et n\u2019a plus gagn\u00e9 depuis une victoire au Paris FC il y a un mois.<\/p>\n<p>De quoi fragiliser Luis Castro comme le confirme David Phelippeau, lequel a fait savoir dans le Podcast Nantes que l\u2019entra\u00eeneur nantais n\u2019\u00e9tait plus soutenu par tout le monde au sein du board. \u00ab En ce qui concerne Luis Castro, le match de Lorient a vraiment inqui\u00e9t\u00e9 toute la direction du FC Nantes. Waldemar Kita est convaincu qu\u2019il faut changer depuis longtemps\u00a0\u00bb explique le sp\u00e9cialiste des Canaris avant de conclure. \u00ab\u00a0Dor\u00e9navant, Franck Kita se pose lui aussi des questions \u00e0 cause du match de Lorient\u00a0\u00bb a-t-il ajout\u00e9.<\/p>\n<p>Autrement dit, Luis Castro a peut-\u00eatre perdu son dernier soutien de poids dans la direction nantaise en la personne de Franck Kita alors que Waldemar est lui persuad\u00e9 que virer l\u2019entra\u00eeneur portugais de 45 ans est la meilleure solution pour le FC Nantes \u00e0 court terme. Inutile de pr\u00e9ciser que dans ce contexte, le d\u00e9placement \u00e0 Lyon et la r\u00e9ception du RC Lens lors des deux prochaines journ\u00e9es de Ligue 1 seront cruciales pour le maintien ou non de Luis Castro au poste d\u2019entra\u00eeneur du club de Loire-Atlantique. Deux matchs qui s\u2019annoncent pourtant difficiles pour Nantes sur le papier face \u00e0 des \u00e9quipes qui jouent les places europ\u00e9ennes et qui r\u00e9alisent un tr\u00e8s bon d\u00e9but de saison.<\/p>\n","protected":false},"excerpt":{"rendered":"15e de Ligue 1, le FC Nantes r\u00e9alise un d\u00e9but de saison cauchemardesque avec seulement deux victoires au&hellip;\n","protected":false},"author":2,"featured_media":561426,"comment_status":"","ping_status":"","sticky":false,"template":"","format":"standard","meta":{"footnotes":""},"categories":[2818],"tags":[1111,11,1777,674,462,1011,27,66,766,12,2636,25],"class_list":{"0":"post-561425","1":"post","2":"type-post","3":"status-publish","4":"format-standard","5":"has-post-thumbnail","7":"category-nantes","8":"tag-actu","9":"tag-actualites","10":"tag-eu","11":"tag-europe","12":"tag-fc-nantes","13":"tag-fr","14":"tag-france","15":"tag-ligue-1","16":"tag-nantes","17":"tag-news","18":"tag-pays-de-la-loire","19":"tag-republique-francaise"},"share_on_mastodon":{"url":"https:\/\/pubeurope.com\/@fr\/115619644386149396","error":""},"_links":{"self":[{"href":"https:\/\/www.europesays.com\/fr\/wp-json\/wp\/v2\/posts\/561425","targetHints":{"allow":["GET"]}}],"collection":[{"href":"https:\/\/www.europesays.com\/fr\/wp-json\/wp\/v2\/posts"}],"about":[{"href":"https:\/\/www.europesays.com\/fr\/wp-json\/wp\/v2\/types\/post"}],"author":[{"embeddable":true,"href":"https:\/\/www.europesays.com\/fr\/wp-json\/wp\/v2\/users\/2"}],"replies":[{"embeddable":true,"href":"https:\/\/www.europesays.com\/fr\/wp-json\/wp\/v2\/comments?post=561425"}],"version-history":[{"count":0,"href":"https:\/\/www.europesays.com\/fr\/wp-json\/wp\/v2\/posts\/561425\/revisions"}],"wp:featuredmedia":[{"embeddable":true,"href":"https:\/\/www.europesays.com\/fr\/wp-json\/wp\/v2\/media\/561426"}],"wp:attachment":[{"href":"https:\/\/www.europesays.com\/fr\/wp-json\/wp\/v2\/media?parent=561425"}],"wp:term":[{"taxonomy":"category","embeddable":true,"href":"https:\/\/www.europesays.com\/fr\/wp-json\/wp\/v2\/categories?post=561425"},{"taxonomy":"post_tag","embeddable":true,"href":"https:\/\/www.europesays.com\/fr\/wp-json\/wp\/v2\/tags?post=561425"}],"curies":[{"name":"wp","href":"https:\/\/api.w.org\/{rel}","templated":true}]}}