{"id":561427,"date":"2025-11-27T03:55:16","date_gmt":"2025-11-27T03:55:16","guid":{"rendered":"https:\/\/www.europesays.com\/fr\/561427\/"},"modified":"2025-11-27T03:55:16","modified_gmt":"2025-11-27T03:55:16","slug":"le-groupe-duval-deploie-un-quatrieme-parc-dactivites-ecchobloc-pres-de-bordeaux","status":"publish","type":"post","link":"https:\/\/www.europesays.com\/fr\/561427\/","title":{"rendered":"Le Groupe Duval d\u00e9ploie un quatri\u00e8me parc d&rsquo;activit\u00e9s Ecchobloc pr\u00e8s de Bordeaux"},"content":{"rendered":"<p>Strat\u00e9gie<\/p>\n<p>mercredi 26 novembre  2025<\/p>\n<p class=\"legende\">\n\t\t\t\t\t\t\t\t\tA Carbon-Blanc, le futur parc d\u2019activit\u00e9s Ecchobloc de l\u2019Estey a \u00e9t\u00e9 con\u00e7u par l\u2019agence d\u2019architecture bordelaise Revel\u2019Archi. Cr\u00e9dits : Groupe Duval\n\t\t\t\t\t\t\t\t<\/p>\n<p class=\"excerpt\">Un p\u00f4le d\u2019activit\u00e9s de 9.200 m\u00b2 va voir le jour \u00e0 Carbon-Blanc. D\u00e9velopp\u00e9 par le Groupe Duval, le futur parc Ecchobloc de l\u2019Estey accueillera des artisans et des petites entreprises. Chiffre d&rsquo;affaires esp\u00e9r\u00e9 : 12 millions d&rsquo;euros, avec des vis\u00e9es dans la r\u00e9gion.<\/p>\n<p>Cet article premium vous int\u00e9resse ?<\/p>\n<p>Rejoignez nos 1000 adh\u00e9rents<\/p>\n<p>\n\t\t\t\t\t\t\t\t\t\t\t\t\t\tGagnez en visibilit\u00e9 et profitez d\u2019un r\u00e9seau de plusieurs centaines d\u2019adh\u00e9rents.\n\t\t\t\t\t\t\t\t\t\t\t\t\t<\/p>\n","protected":false},"excerpt":{"rendered":"Strat\u00e9gie mercredi 26 novembre 2025 A Carbon-Blanc, le futur parc d\u2019activit\u00e9s Ecchobloc de l\u2019Estey a \u00e9t\u00e9 con\u00e7u par&hellip;\n","protected":false},"author":2,"featured_media":561428,"comment_status":"","ping_status":"","sticky":false,"template":"","format":"standard","meta":{"footnotes":""},"categories":[2817],"tags":[1111,11,1997,1777,674,1011,27,12,2219,5645,25],"class_list":{"0":"post-561427","1":"post","2":"type-post","3":"status-publish","4":"format-standard","5":"has-post-thumbnail","7":"category-bordeaux","8":"tag-actu","9":"tag-actualites","10":"tag-bordeaux","11":"tag-eu","12":"tag-europe","13":"tag-fr","14":"tag-france","15":"tag-news","16":"tag-nouvelle-aquitaine","17":"tag-placco-placeco","18":"tag-republique-francaise"},"share_on_mastodon":{"url":"https:\/\/pubeurope.com\/@fr\/115619648314662759","error":""},"_links":{"self":[{"href":"https:\/\/www.europesays.com\/fr\/wp-json\/wp\/v2\/posts\/561427","targetHints":{"allow":["GET"]}}],"collection":[{"href":"https:\/\/www.europesays.com\/fr\/wp-json\/wp\/v2\/posts"}],"about":[{"href":"https:\/\/www.europesays.com\/fr\/wp-json\/wp\/v2\/types\/post"}],"author":[{"embeddable":true,"href":"https:\/\/www.europesays.com\/fr\/wp-json\/wp\/v2\/users\/2"}],"replies":[{"embeddable":true,"href":"https:\/\/www.europesays.com\/fr\/wp-json\/wp\/v2\/comments?post=561427"}],"version-history":[{"count":0,"href":"https:\/\/www.europesays.com\/fr\/wp-json\/wp\/v2\/posts\/561427\/revisions"}],"wp:featuredmedia":[{"embeddable":true,"href":"https:\/\/www.europesays.com\/fr\/wp-json\/wp\/v2\/media\/561428"}],"wp:attachment":[{"href":"https:\/\/www.europesays.com\/fr\/wp-json\/wp\/v2\/media?parent=561427"}],"wp:term":[{"taxonomy":"category","embeddable":true,"href":"https:\/\/www.europesays.com\/fr\/wp-json\/wp\/v2\/categories?post=561427"},{"taxonomy":"post_tag","embeddable":true,"href":"https:\/\/www.europesays.com\/fr\/wp-json\/wp\/v2\/tags?post=561427"}],"curies":[{"name":"wp","href":"https:\/\/api.w.org\/{rel}","templated":true}]}}