{"id":561429,"date":"2025-11-27T03:56:23","date_gmt":"2025-11-27T03:56:23","guid":{"rendered":"https:\/\/www.europesays.com\/fr\/561429\/"},"modified":"2025-11-27T03:56:23","modified_gmt":"2025-11-27T03:56:23","slug":"pres-de-bordeaux-le-local-dun-secours-populaire-cambriole-a-quelques-jours-de-larbre-de-noel-actualites","status":"publish","type":"post","link":"https:\/\/www.europesays.com\/fr\/561429\/","title":{"rendered":"Pr\u00e8s de Bordeaux, le local d\u2019un Secours populaire cambriol\u00e9 \u00e0 quelques jours de l\u2019arbre de No\u00ebl : Actualit\u00e9s"},"content":{"rendered":"<p class=\"lead \"><strong>Des cadeaux de No\u00ebl ont \u00e9t\u00e9 d\u00e9rob\u00e9s le week-end du 22 et 23 novembre dans un local du Secours populaire de Pessac, pr\u00e8s de Bordeaux. Ils \u00e9taient destin\u00e9s \u00e0 des enfants de familles en difficult\u00e9.<\/strong><\/p>\n<p class=\"lead \">Des jouets vol\u00e9s et des cartons \u00e9ventr\u00e9s. Le local du Secours populaire de Pessac, situ\u00e9 pr\u00e8s de Bordeaux, a \u00e9t\u00e9 la cible d\u2019un cambriolage \u00e0 quinze jours de l\u2019arbre de No\u00ebl, rapporte <a href=\"https:\/\/www.lefigaro.fr\/bordeaux\/une-attaque-honteuse-pres-de-bordeaux-des-cadeaux-de-noel-voles-dans-un-local-du-secours-populaire-20251126\" target=\"_blank\" rel=\"noopener\">Le Figaro<\/a>. Les faits ont eu lieu le week-end du 22 et 23 novembre et ont \u00e9t\u00e9 d\u00e9couverts par une b\u00e9n\u00e9vole lundi 24 novembre au soir. Une enqu\u00eate a \u00e9t\u00e9 ouverte pour identifier les auteurs du vol.<\/p>\n<p class=\"lead \">\u201cOn avait fait tous les paquets cadeaux en une journ\u00e9e, tous les jouets \u00e9taient class\u00e9s\u201d, a d\u00e9plor\u00e9 Jeanine Boudjema\u00ef, secr\u00e9taire g\u00e9n\u00e9rale de l\u2019association, au quotidien <a href=\"https:\/\/www.sudouest.fr\/gironde\/pessac\/on-avait-fait-tous-les-paquets-cadeaux-pres-de-bordeaux-un-local-du-secours-populaire-est-cambriole-avant-l-arbre-de-noel-26856206.php\" target=\"_blank\" rel=\"noopener\">Sud Ouest<\/a>. \u201cC\u2019est une catastrophe, nous sommes d\u00e9sesp\u00e9r\u00e9s, compl\u00e8tement d\u00e9sempar\u00e9s. C\u2019est \u00e9pouvantable\u201d, a-t-elle encore appuy\u00e9.<\/p>\n<p class=\"lead \">Les voleurs sont entr\u00e9s par effraction apr\u00e8s avoir bris\u00e9 la porte du local. \u201cL\u2019arbre de No\u00ebl de la solidarit\u00e9 a subi un cambriolage doubl\u00e9 de vandalisme dans les locaux de stockage du Secours populaire de Pessac\u201d, pr\u00e9cise le maire de la commune, Franck Raynal, sur <a href=\"https:\/\/www.instagram.com\/p\/DRhM31cisYn\/?hl=en&amp;img_index=2\" target=\"_blank\" rel=\"noopener\">Instagram<\/a>, d\u00e9non\u00e7ant \u201cune attaque honteuse contre une action et une institution de g\u00e9n\u00e9rosit\u00e9\u201d.<\/p>\n<p>                                                                                                Quelle solution pour les enfants ?<\/p>\n<p class=\"lead \">Les cadeaux \u00e9taient destin\u00e9s \u00e0 l\u2019arbre de No\u00ebl pr\u00e9vu pour le 10 d\u00e9cembre prochain, aux c\u00f4t\u00e9s des b\u00e9n\u00e9voles des Restos du C\u0153ur, du Secours populaire, de Saint-Vincent-de-Paul, de la Croix-Rouge ainsi que du Secours catholique. Comme tous les ans, celui-ci permet aux enfants de familles en difficult\u00e9 de recevoir des cadeaux.<\/p>\n<p class=\"lead \">Une solution semble toutefois avoir \u00e9t\u00e9 trouv\u00e9e pour cette ann\u00e9e. \u201cLe CCAS de la ville de Pessac a aussit\u00f4t mobilis\u00e9 son aide logistique et financi\u00e8re pour le Secours populaire\u201d, indique le maire de Pessac, toujours sur Instagram. \u201cM\u00eame si les d\u00e9lais sont courts, on va y arriver pour permettre \u00e0 tous de profiter de ce moment de gr\u00e2ce qu\u2019est la p\u00e9riode de No\u00ebl\u201d, promet-il.<\/p>\n<p class=\"small font-weight-bold text-gray3 \"> publi\u00e9 le 26 novembre \u00e0 19h52, Lola Uguen, 6Medias<\/p>\n<p>                             Partager<\/p>\n<p>                                    <script async src=\"\/\/www.instagram.com\/embed.js\"><\/script><\/p>\n","protected":false},"excerpt":{"rendered":"Des cadeaux de No\u00ebl ont \u00e9t\u00e9 d\u00e9rob\u00e9s le week-end du 22 et 23 novembre dans un local du&hellip;\n","protected":false},"author":2,"featured_media":561430,"comment_status":"","ping_status":"","sticky":false,"template":"","format":"standard","meta":{"footnotes":""},"categories":[2817],"tags":[1111,11,1997,1777,674,1011,27,12,2219,25],"class_list":{"0":"post-561429","1":"post","2":"type-post","3":"status-publish","4":"format-standard","5":"has-post-thumbnail","7":"category-bordeaux","8":"tag-actu","9":"tag-actualites","10":"tag-bordeaux","11":"tag-eu","12":"tag-europe","13":"tag-fr","14":"tag-france","15":"tag-news","16":"tag-nouvelle-aquitaine","17":"tag-republique-francaise"},"share_on_mastodon":{"url":"https:\/\/pubeurope.com\/@fr\/115619653128794901","error":""},"_links":{"self":[{"href":"https:\/\/www.europesays.com\/fr\/wp-json\/wp\/v2\/posts\/561429","targetHints":{"allow":["GET"]}}],"collection":[{"href":"https:\/\/www.europesays.com\/fr\/wp-json\/wp\/v2\/posts"}],"about":[{"href":"https:\/\/www.europesays.com\/fr\/wp-json\/wp\/v2\/types\/post"}],"author":[{"embeddable":true,"href":"https:\/\/www.europesays.com\/fr\/wp-json\/wp\/v2\/users\/2"}],"replies":[{"embeddable":true,"href":"https:\/\/www.europesays.com\/fr\/wp-json\/wp\/v2\/comments?post=561429"}],"version-history":[{"count":0,"href":"https:\/\/www.europesays.com\/fr\/wp-json\/wp\/v2\/posts\/561429\/revisions"}],"wp:featuredmedia":[{"embeddable":true,"href":"https:\/\/www.europesays.com\/fr\/wp-json\/wp\/v2\/media\/561430"}],"wp:attachment":[{"href":"https:\/\/www.europesays.com\/fr\/wp-json\/wp\/v2\/media?parent=561429"}],"wp:term":[{"taxonomy":"category","embeddable":true,"href":"https:\/\/www.europesays.com\/fr\/wp-json\/wp\/v2\/categories?post=561429"},{"taxonomy":"post_tag","embeddable":true,"href":"https:\/\/www.europesays.com\/fr\/wp-json\/wp\/v2\/tags?post=561429"}],"curies":[{"name":"wp","href":"https:\/\/api.w.org\/{rel}","templated":true}]}}