{"id":561433,"date":"2025-11-27T03:58:16","date_gmt":"2025-11-27T03:58:16","guid":{"rendered":"https:\/\/www.europesays.com\/fr\/561433\/"},"modified":"2025-11-27T03:58:16","modified_gmt":"2025-11-27T03:58:16","slug":"aron-donnum-sanctionne-par-la-commission-de-discipline-de-la-lfp-france-toulouse-fc","status":"publish","type":"post","link":"https:\/\/www.europesays.com\/fr\/561433\/","title":{"rendered":"Aron D\u00f8nnum sanctionn\u00e9 par la commission de discipline de la LFP &#8211; France &#8211; Toulouse FC"},"content":{"rendered":"<p>Trois semaines apr\u00e8s un Toulouse-Le Havre qui avait fait couler de l\u2019encre, non pas pour le match en lui-m\u00eame, mais pour <strong><a target=\"_blank\" href=\"https:\/\/www.sofoot.com\/articles\/ligue-1-aron-donnum-toulouse-accuse-de-racisme-contre-le-havre-dans-une-histoire-nauseabonde\" rel=\"noopener\">l\u2019incident entre Aron D\u00f8nnum et <\/a>Simon Ebonog, le joueur toulousain est fix\u00e9 sur son sort.<\/strong> Havrais et Toulousains s\u2019\u00e9taient retrouv\u00e9s face \u00e0 face apr\u00e8s le geste de l\u2019ailier norv\u00e9gien, qui avait \u00e9t\u00e9 soup\u00e7onn\u00e9 de racisme.<\/p>\n<p>Un \u00ab\u202fcomportement blessant\u202f\u00bb retenu contre lui<\/p>\n<p>Ce mercredi soir, <strong>la commission de discipline de la LFP, qui avait mis le dossier en instruction, a rendu son verdict : <\/strong><strong>\u00ab\u202fdeux matchs de suspension ferme de banc de touche, de vestiaire d\u2019arbitres et de toutes fonctions officielles pour comportement blessant\u202f\u00bb.<\/strong>\u00a0Le caract\u00e8re raciste n\u2019est donc pas retenu, mais D\u00f8nnum sera suspendu \u00e0 partir du 2 d\u00e9cembre et manquera les matchs contre Strasbourg et le Paris FC.<\/p>\n<p>Dans les autres affaires trait\u00e9es par la commission, Morgan Guilavogui et Denis Zakaria ont \u00e9galement \u00e9t\u00e9 suspendus pour deux matchs fermes (plus un avec sursis) apr\u00e8s leurs expulsions du week-end, quand Valentin Barco a pris un match (plus un sursis).<\/p>\n<p>Chez les dirigeants, Matthieu Louis-Jean, le directeur technique de l\u2019OL, a ramass\u00e9 deux matchs de suspension ferme, dont un par r\u00e9vocation du sursis, pour son \u00ab\u202fcomportement\u202f\u00bb\u00a0<a target=\"_blank\" href=\"https:\/\/www.sofoot.com\/articles\/le-paris-saint-germain-degoute-lol-au-finish\" rel=\"noopener\">\u00e0 l\u2019occasion du match contre le PSG<\/a>.<\/p>\n<p>Pile au moment o\u00f9 Paulo Fonseca va pouvoir faire son retour sur son banc.<\/p>\n<p>\t\t\t\t\t\t\t\t\t\t<a class=\"lien-connexe\" href=\"https:\/\/www.sofoot.com\/breves\/ligue-1-brest-fait-plier-metz-dans-un-finish-fou-awaziem-marque-dans-deux-camps-differents-lors-de-nantes-lorient\" target=\"_blank\" rel=\"noopener\">Brest fait plier Metz au finish, Awaziem marque dans deux camps avec Nantes<\/a>\t\t\t\t\t<\/p>\n","protected":false},"excerpt":{"rendered":"Trois semaines apr\u00e8s un Toulouse-Le Havre qui avait fait couler de l\u2019encre, non pas pour le match en&hellip;\n","protected":false},"author":2,"featured_media":561434,"comment_status":"","ping_status":"","sticky":false,"template":"","format":"standard","meta":{"footnotes":""},"categories":[2816],"tags":[1111,47,11,61,69,65,64,1777,674,63,1011,27,68,66,12,62,2680,70,25,67,2312],"class_list":{"0":"post-561433","1":"post","2":"type-post","3":"status-publish","4":"format-standard","5":"has-post-thumbnail","7":"category-toulouse","8":"tag-actu","9":"tag-actualite","10":"tag-actualites","11":"tag-actus-football","12":"tag-bundesliga","13":"tag-championnats-europeens","14":"tag-equipe-de-france","15":"tag-eu","16":"tag-europe","17":"tag-football","18":"tag-fr","19":"tag-france","20":"tag-ligua","21":"tag-ligue-1","22":"tag-news","23":"tag-news-foot","24":"tag-occitanie","25":"tag-premier-league","26":"tag-republique-francaise","27":"tag-serie-a","28":"tag-toulouse"},"share_on_mastodon":{"url":"https:\/\/pubeurope.com\/@fr\/115619660173221213","error":""},"_links":{"self":[{"href":"https:\/\/www.europesays.com\/fr\/wp-json\/wp\/v2\/posts\/561433","targetHints":{"allow":["GET"]}}],"collection":[{"href":"https:\/\/www.europesays.com\/fr\/wp-json\/wp\/v2\/posts"}],"about":[{"href":"https:\/\/www.europesays.com\/fr\/wp-json\/wp\/v2\/types\/post"}],"author":[{"embeddable":true,"href":"https:\/\/www.europesays.com\/fr\/wp-json\/wp\/v2\/users\/2"}],"replies":[{"embeddable":true,"href":"https:\/\/www.europesays.com\/fr\/wp-json\/wp\/v2\/comments?post=561433"}],"version-history":[{"count":0,"href":"https:\/\/www.europesays.com\/fr\/wp-json\/wp\/v2\/posts\/561433\/revisions"}],"wp:featuredmedia":[{"embeddable":true,"href":"https:\/\/www.europesays.com\/fr\/wp-json\/wp\/v2\/media\/561434"}],"wp:attachment":[{"href":"https:\/\/www.europesays.com\/fr\/wp-json\/wp\/v2\/media?parent=561433"}],"wp:term":[{"taxonomy":"category","embeddable":true,"href":"https:\/\/www.europesays.com\/fr\/wp-json\/wp\/v2\/categories?post=561433"},{"taxonomy":"post_tag","embeddable":true,"href":"https:\/\/www.europesays.com\/fr\/wp-json\/wp\/v2\/tags?post=561433"}],"curies":[{"name":"wp","href":"https:\/\/api.w.org\/{rel}","templated":true}]}}