{"id":561435,"date":"2025-11-27T03:59:13","date_gmt":"2025-11-27T03:59:13","guid":{"rendered":"https:\/\/www.europesays.com\/fr\/561435\/"},"modified":"2025-11-27T03:59:13","modified_gmt":"2025-11-27T03:59:13","slug":"debut-decembre-une-vente-de-vaisselle-de-chefs-a-prix-mini-debarque-a-lille-26-11-2025","status":"publish","type":"post","link":"https:\/\/www.europesays.com\/fr\/561435\/","title":{"rendered":"D\u00e9but d\u00e9cembre, une vente de vaisselle de chefs \u00e0 prix mini d\u00e9barque \u00e0 Lille &#8211; 26\/11\/2025"},"content":{"rendered":"<p>\n        Gardez de la place dans votre agenda, les 6 et 7 d\u00e9cembre, vous allez pouvoir chiner de la vaisselle qui a d\u00e9j\u00e0 fait briller les plus grandes tables fran\u00e7aises, sans flinguer votre budget. Apr\u00e8s Paris et Lyon, La Vaisselle des Chefs d\u00e9barque \u00e0 Lille chez Garage.<\/p>\n<p>Partons d&rsquo;une th\u00e9orie simple, invent\u00e9e en \u00e9crivant ces lignes : un plat ne peut \u00eatre que meilleur s&rsquo;il est servi dans une assiette qui a servi \u00e0 un chef cuistot. Et si je vous disais que ces assiettes pourraient \u00eatre bient\u00f4t v\u00f4tres sans casser votre tirelire ? Vous y croirez car La Vaisselle des Chefs s&rsquo;installe \u00e0 Garage les 6 et 7 d\u00e9cembre prochains.<\/p>\n<p>Le concept est n\u00e9 \u00e0 Lyon en 2008 avec un objectif : vendre la vaisselle dont les chef\u00b7fes ne se servent plus. Le tout \u00e0 des prix accessibles au grand public. Pour cette premi\u00e8re \u00e9dition lilloise, en plus de la vente \u00e9co-solidaire, des shows cooking et ateliers de d\u00e9monstration anim\u00e9s par les chefs de Tables &amp; Toques viendront rythmer le week-end.<\/p>\n<p>Des assiettes qui ont vu passer du tr\u00e8s, tr\u00e8s bon<\/p>\n<p>Pendant deux jours, le lieu va se transformer en paradis de l\u2019art de la table. Plus de 10 000 pi\u00e8ces vous y attendent : assiettes, verres, couverts, argenterie, plats de service\u2026 le tout r\u00e9cup\u00e9r\u00e9 dans les cuisines de grandes maisons fran\u00e7aises, des \u00e9toil\u00e9s aux brasseries cultes.<\/p>\n<p>Et pour cette premi\u00e8re vir\u00e9e dans le Nord, des tables locales rejoignent la f\u00eate : le Club-Marot orchestr\u00e9 par les cousins Marot, ou encore Aux Enfants Terribles mais aussi Victor Berthe, <a target=\"_blank\" href=\"https:\/\/www.vozer.fr\/2025\/10\/13\/le-guide-gault-millau-recompense-quatre-restaurants-de-la-metropole-lilloise-en-2025\/\" rel=\"noopener\">chef r\u00e9compens\u00e9 du Coup de Main<\/a>. Parmi la s\u00e9lection, vous retrouverez \u00e9galement des pi\u00e8ces de l&rsquo;ancien restaurant de Marc Meurin, ancien chef \u00e9toil\u00e9 du Ch\u00e2teau de Beaulieu mais aussi des assiettes rares comme la pi\u00e8ce comm\u00e9morative du Bocuse d&rsquo;Or.<\/p>\n<p>Pour les plus connaisseurs et connaisseuses d&rsquo;entre vous, de grandes marques d&rsquo;art de la table seront aussi de la partie : Jars C\u00e9ramistes, KFH La Maison, Couzon et Garnier-Thiebaut.<\/p>\n<p>Seconde main et petits prix<\/p>\n<p>Chaque pi\u00e8ce qui sera pr\u00e9sent\u00e9e lors de l&rsquo;event a d\u00e9j\u00e0 v\u00e9cu sa petite vie dans un restaurant qui envoie du lourd avant d\u2019arriver entre vos mains. Cerise sur l&rsquo;assiette, une partie des b\u00e9n\u00e9fices sera revers\u00e9e aux Apprentis d&rsquo;Auteuil, histoire de soutenir la formation de jeunes en difficult\u00e9.<\/p>\n<p>Et oui, les prix seront tr\u00e8s accessibles.\u00a0Vous trouverez des assiettes entre 6 et 15 euros et de l\u2019argenterie aux alentours de 6 \u00e0 8 euros. Si vous voulez profiter des meilleures affaires, on vous conseille d&rsquo;y aller d\u00e8s le samedi.\u00a0<\/p>\n<p>D&rsquo;ailleurs, pour participer \u00e0 l&rsquo;event il faudra r\u00e9server un cr\u00e9neau au pr\u00e9alable. Tout se passe sur le site <a target=\"_blank\" href=\"https:\/\/lavaisselledeschefs.com\/la-vaisselle-des-chefs-lille.html\" rel=\"noopener\">lavaisselledeschefs.com<\/a>. Comptez 4\u20ac l&rsquo;entr\u00e9e le samedi, 3\u20ac le dimanche matin. L&rsquo;event devient gratuit \u00e0 partir de 13h le dimanche.<\/p>\n<p>De quoi refaire votre table avant le r\u00e9veillon ou d\u00e9nicher un cadeau original pour celles et ceux qui adorent la cuisine\u2026 ou qui ont d\u00e9j\u00e0 quinze services \u00ab\u00a0au cas o\u00f9\u00a0\u00bb.<\/p>\n","protected":false},"excerpt":{"rendered":"Gardez de la place dans votre agenda, les 6 et 7 d\u00e9cembre, vous allez pouvoir chiner de la&hellip;\n","protected":false},"author":2,"featured_media":561436,"comment_status":"","ping_status":"","sticky":false,"template":"","format":"standard","meta":{"footnotes":""},"categories":[2815],"tags":[1111,11,1777,674,1011,27,811,1307,12,25],"class_list":{"0":"post-561435","1":"post","2":"type-post","3":"status-publish","4":"format-standard","5":"has-post-thumbnail","7":"category-lille","8":"tag-actu","9":"tag-actualites","10":"tag-eu","11":"tag-europe","12":"tag-fr","13":"tag-france","14":"tag-hauts-de-france","15":"tag-lille","16":"tag-news","17":"tag-republique-francaise"},"share_on_mastodon":{"url":"https:\/\/pubeurope.com\/@fr\/115619664368382031","error":""},"_links":{"self":[{"href":"https:\/\/www.europesays.com\/fr\/wp-json\/wp\/v2\/posts\/561435","targetHints":{"allow":["GET"]}}],"collection":[{"href":"https:\/\/www.europesays.com\/fr\/wp-json\/wp\/v2\/posts"}],"about":[{"href":"https:\/\/www.europesays.com\/fr\/wp-json\/wp\/v2\/types\/post"}],"author":[{"embeddable":true,"href":"https:\/\/www.europesays.com\/fr\/wp-json\/wp\/v2\/users\/2"}],"replies":[{"embeddable":true,"href":"https:\/\/www.europesays.com\/fr\/wp-json\/wp\/v2\/comments?post=561435"}],"version-history":[{"count":0,"href":"https:\/\/www.europesays.com\/fr\/wp-json\/wp\/v2\/posts\/561435\/revisions"}],"wp:featuredmedia":[{"embeddable":true,"href":"https:\/\/www.europesays.com\/fr\/wp-json\/wp\/v2\/media\/561436"}],"wp:attachment":[{"href":"https:\/\/www.europesays.com\/fr\/wp-json\/wp\/v2\/media?parent=561435"}],"wp:term":[{"taxonomy":"category","embeddable":true,"href":"https:\/\/www.europesays.com\/fr\/wp-json\/wp\/v2\/categories?post=561435"},{"taxonomy":"post_tag","embeddable":true,"href":"https:\/\/www.europesays.com\/fr\/wp-json\/wp\/v2\/tags?post=561435"}],"curies":[{"name":"wp","href":"https:\/\/api.w.org\/{rel}","templated":true}]}}