{"id":561437,"date":"2025-11-27T04:00:52","date_gmt":"2025-11-27T04:00:52","guid":{"rendered":"https:\/\/www.europesays.com\/fr\/561437\/"},"modified":"2025-11-27T04:00:52","modified_gmt":"2025-11-27T04:00:52","slug":"lille-et-lens-dans-le-top-10-des-champions-deurope-du-mercato","status":"publish","type":"post","link":"https:\/\/www.europesays.com\/fr\/561437\/","title":{"rendered":"Lille et Lens dans le top 10 des champions d\u2019Europe du mercato !"},"content":{"rendered":"<p>Cette semaine, l\u2019Observatoire du football (CIES) s\u2019est int\u00e9ress\u00e9 \u00e0 un sujet mercato. Quels clubs ont \u00e9t\u00e9 les plus intelligents sur le march\u00e9 des transferts depuis 2021 ? Pour cette \u00e9tude, le CIES pr\u00e9cise qu\u2019il s\u2019agit <a href=\"https:\/\/football-observatory.com\/WeeklyPost523\" target=\"_blank\" rel=\"noopener\">d\u2019un classement<\/a> \u00e9tabli \u00ab\u00a0en termes de bilans financiers des joueurs recrut\u00e9s en tant que professionnels (c\u2019est-\u00e0-dire \u00e0 l\u2019exclusion des signatures issues des centres de formation) et d\u00e9j\u00e0 transf\u00e9r\u00e9s de mani\u00e8re permanente vers d\u2019autres \u00e9quipes.\u00a0\u00bb De plus, ce classement ne comprend \u00ab\u00a0que les clubs dont le total des d\u00e9penses et des recettes li\u00e9es aux transferts depuis 2021 d\u00e9passe 10 millions d\u2019euros\u00a0\u00bb. <\/p>\n<p>            La suite apr\u00e8s cette publicit\u00e9<\/p>\n<p>Et le club le plus fut\u00e9 du mercato, c\u2019est l\u2019Eintracht Francfort. \u00c0 l\u2019heure o\u00f9 les formations portugaises ont souvent \u00e9t\u00e9 encens\u00e9es pour leur capacit\u00e9 \u00e0 revendre \u00e0 prix d\u2019or des \u00e9l\u00e9ments achet\u00e9s \u00e0 prix bas, Francfort fait mieux que tout le monde. Depuis 2021, les Allemands ont d\u00e9pens\u00e9 78 M\u20ac, mais ont vendu pour 364 M\u20ac ! Soit une balance positive de 286 M\u20ac. Sans surprise, l\u2019Eintracht peut dire merci \u00e0 Randal Kolo Muani (95 M\u20ac), Hugo Ekitike (95 M\u20ac), Omar Marmoush (75 M\u20ac) ou encore \u00e0 Willian Pacho (40 M\u20ac), tous tr\u00e8s bien vendus. \u00c0 noter que les 63 M\u20ac r\u00e9colt\u00e9s gr\u00e2ce \u00e0 la vente de Luka Jovic au Real Madrid ne sont pas compt\u00e9s puisque l\u2019op\u00e9ration date de la saison 2019\/2020. Idem pour S\u00e9bastien Haller, vendu \u00e0 West Ham pour 50 M\u20ac.<\/p>\n<p>            La suite apr\u00e8s cette publicit\u00e9<\/p>\n<p>        L\u2019Allemagne cartonne<\/p>\n<p>\u00c0 la deuxi\u00e8me place, on retrouve les Anglais de <a href=\"https:\/\/www.footmercato.net\/club\/brighton-hove-albion-fc\/\" target=\"_blank\" rel=\"noopener\">Brighton<\/a>. Les Seagulls ont certes achet\u00e9 pour 171 M\u20ac, mais ils ont touch\u00e9 392 M\u20ac en retour (+221 M\u20ac). Et merci Chelsea ! Les trois plus grosses ventes de l\u2019histoire de l\u2019ancien club de Roberto De Zerbi ont \u00e9t\u00e9 r\u00e9alis\u00e9es avec les Blues entre 2022 et 2025 : Moises Caicedo (116 M\u20ac), Marc Cucurella (65 M\u20ac) et Jo\u00e3o Pedro (64 M\u20ac). Le tout sans oublier le d\u00e9part de l\u2019Argentin Alexis Mac Allister \u00e0 Liverpool qui a rapport\u00e9 41 M\u20ac. Enfin, l\u2019Allemagne place un deuxi\u00e8me club sur le podium. Gr\u00e2ce notamment \u00e0 la vente de Nick Woltemade \u00e0 Newcastle l\u2019\u00e9t\u00e9 dernier contre 85 M\u20ac, <a href=\"https:\/\/www.footmercato.net\/club\/vfb-stuttgart-1893\/\" target=\"_blank\" rel=\"noopener\">Stuttgart<\/a> affiche une balance positive de +178 M\u20ac (226 M\u20ac de ventes, 48 M\u20ac d\u2019achats).<\/p>\n<p>Pour ce qui est des clubs fran\u00e7ais, il ne faut pas descendre tr\u00e8s loin dans le classement puisqu\u2019on retrouve le RC <a href=\"https:\/\/www.footmercato.net\/club\/racing-club-de-lens\/\" target=\"_blank\" rel=\"noopener\">Lens<\/a> \u00e0 la sixi\u00e8me place. Les Sang et Or ont d\u00e9pens\u00e9 122 M\u20ac, mais ont r\u00e9ussi \u00e0 vendre pour 256 M\u20ac (+134 M\u20ac). Le LOSC pointe \u00e0 la 10e place (+112 M\u20ac). Ensuite, il faut aller jusqu\u2019au 36e rang pour avoir le <a href=\"https:\/\/www.footmercato.net\/club\/psg\/\" target=\"_blank\" rel=\"noopener\">Paris Saint-Germain<\/a> (+ 56 M\u20ac). Pour le reste, d\u2019autres formations hexagonales moins attendues ont grill\u00e9 la place de plusieurs t\u00e9nors tels que Monaco et l\u2019Olympique Lyonnnais. Il s\u2019agit de Troyes (46e, +49 M\u20ac), Angers (57e, +39 M\u20ac), Reims (58e, +39 M\u20ac), Toulouse (67e, +35 M\u20ac) et Strasbourg (75e, +31 M\u20ac). <\/p>\n<p>            La suite apr\u00e8s cette publicit\u00e9<\/p>\n<p><strong>Le top 10<\/strong><\/p>\n<ul>\n<li>Eintracht Francfort : +286 M\u20ac<\/li>\n<li>Brighton : +221 M\u20ac<\/li>\n<li>Stuttgart : 178 M\u20ac<\/li>\n<li>Atalanta : +150 M\u20ac<\/li>\n<li>Benfica : +147 M\u20ac<\/li>\n<li>Lens : +134 M\u20ac<\/li>\n<li>Udinese : +128 M\u20ac<\/li>\n<li>Union Saint-Gilloise : +113 \u20ac<\/li>\n<li>Lecce : +113 M\u20ac<\/li>\n<li>Lille : +112 M\u20ac<\/li>\n<\/ul>\n<p>\n    Pub. le 26\/11\/2025 17:03<br \/>\n            &#8211; MAJ le 26\/11\/2025 23:28\n    <\/p>\n","protected":false},"excerpt":{"rendered":"Cette semaine, l\u2019Observatoire du football (CIES) s\u2019est int\u00e9ress\u00e9 \u00e0 un sujet mercato. Quels clubs ont \u00e9t\u00e9 les plus&hellip;\n","protected":false},"author":2,"featured_media":561438,"comment_status":"","ping_status":"","sticky":false,"template":"","format":"standard","meta":{"footnotes":""},"categories":[2815],"tags":[1111,11,1777,674,1011,27,811,1307,12,25],"class_list":{"0":"post-561437","1":"post","2":"type-post","3":"status-publish","4":"format-standard","5":"has-post-thumbnail","7":"category-lille","8":"tag-actu","9":"tag-actualites","10":"tag-eu","11":"tag-europe","12":"tag-fr","13":"tag-france","14":"tag-hauts-de-france","15":"tag-lille","16":"tag-news","17":"tag-republique-francaise"},"share_on_mastodon":{"url":"https:\/\/pubeurope.com\/@fr\/115619671820147456","error":""},"_links":{"self":[{"href":"https:\/\/www.europesays.com\/fr\/wp-json\/wp\/v2\/posts\/561437","targetHints":{"allow":["GET"]}}],"collection":[{"href":"https:\/\/www.europesays.com\/fr\/wp-json\/wp\/v2\/posts"}],"about":[{"href":"https:\/\/www.europesays.com\/fr\/wp-json\/wp\/v2\/types\/post"}],"author":[{"embeddable":true,"href":"https:\/\/www.europesays.com\/fr\/wp-json\/wp\/v2\/users\/2"}],"replies":[{"embeddable":true,"href":"https:\/\/www.europesays.com\/fr\/wp-json\/wp\/v2\/comments?post=561437"}],"version-history":[{"count":0,"href":"https:\/\/www.europesays.com\/fr\/wp-json\/wp\/v2\/posts\/561437\/revisions"}],"wp:featuredmedia":[{"embeddable":true,"href":"https:\/\/www.europesays.com\/fr\/wp-json\/wp\/v2\/media\/561438"}],"wp:attachment":[{"href":"https:\/\/www.europesays.com\/fr\/wp-json\/wp\/v2\/media?parent=561437"}],"wp:term":[{"taxonomy":"category","embeddable":true,"href":"https:\/\/www.europesays.com\/fr\/wp-json\/wp\/v2\/categories?post=561437"},{"taxonomy":"post_tag","embeddable":true,"href":"https:\/\/www.europesays.com\/fr\/wp-json\/wp\/v2\/tags?post=561437"}],"curies":[{"name":"wp","href":"https:\/\/api.w.org\/{rel}","templated":true}]}}