{"id":561441,"date":"2025-11-27T04:04:17","date_gmt":"2025-11-27T04:04:17","guid":{"rendered":"https:\/\/www.europesays.com\/fr\/561441\/"},"modified":"2025-11-27T04:04:17","modified_gmt":"2025-11-27T04:04:17","slug":"un-jeune-homme-tue-par-balles-a-deux-pas-de-la-gare-saint-charles","status":"publish","type":"post","link":"https:\/\/www.europesays.com\/fr\/561441\/","title":{"rendered":"Un jeune homme tu\u00e9 par balles \u00e0 deux pas de la gare Saint-Charles"},"content":{"rendered":"<p>Un nouveau drame est survenu \u00e0 <a href=\"https:\/\/www.20minutes.fr\/marseille\/\" class=\"c-link c-link--is-underlined\" target=\"_blank\" rel=\"noopener\">Marseille<\/a>, moins de deux semaines <a href=\"https:\/\/www.20minutes.fr\/societe\/4187325-20251123-marseille-assassins-deja-tuee-cri-douleur-mere-mehdi-kessaci-marche-blanche\" class=\"c-link c-link--is-underlined\" target=\"_blank\" rel=\"noopener\">apr\u00e8s la mort violente de Mehdi Kessaci<\/a>, petit fr\u00e8re d\u2019un militant contre le narcotrafic. Un jeune homme a \u00e9t\u00e9 tu\u00e9 par balle mercredi soir pr\u00e8s de la gare Saint-Charles.<\/p>\n<p>Les marins-pompiers de Marseille ont \u00e9t\u00e9 appel\u00e9s \u00e0 18 heures dans le troisi\u00e8me arrondissement de la ville, dans le quartier populaire de Saint-Lazare, pour un homme d\u2019une vingtaine d\u2019ann\u00e9es bless\u00e9 par balle. Malgr\u00e9 les tentatives de r\u00e9animation, le jeune homme est d\u00e9c\u00e9d\u00e9 sur place, ont ajout\u00e9 les pompiers, confirmant les informations d\u2019une source polici\u00e8re.<\/p>\n<\/p>\n<p>Un meurtre aux contours encore flous<\/p>\n<p>Les circonstances de ce meurtre n\u2019\u00e9taient pas encore \u00e9tablies mercredi soir et notamment son lien \u00e9ventuel avec le <a href=\"https:\/\/www.20minutes.fr\/dossier\/trafic_de_drogue\" class=\"c-link c-link--is-underlined\" target=\"_blank\" rel=\"noopener\">trafic de drogues<\/a>. La deuxi\u00e8me ville de France a enterr\u00e9 une semaine plus t\u00f4t, mardi 18\u00a0novembre, Mehdi Kessaci, <a href=\"https:\/\/www.20minutes.fr\/societe\/4186802-20251122-narcotrafics-amine-kessaci-iconisation-essentielle-lutte-contre-trafic-drogue\" class=\"c-link c-link--is-underlined\" target=\"_blank\" rel=\"noopener\">le fr\u00e8re d\u2019un militant engag\u00e9 contre le narcotrafic, Amine Kessaci,<\/a> abattu en plein jour devant une pharmacie par deux hommes \u00e0 moto.<\/p>\n<p>Selon un d\u00e9compte de l\u2019AFP, quinze personnes ont perdu la vie dans des homicides li\u00e9s au trafic de drogue depuis le d\u00e9but de l\u2019ann\u00e9e dans les Bouches-du-Rh\u00f4ne.<\/p>\n","protected":false},"excerpt":{"rendered":"Un nouveau drame est survenu \u00e0 Marseille, moins de deux semaines apr\u00e8s la mort violente de Mehdi Kessaci,&hellip;\n","protected":false},"author":2,"featured_media":561442,"comment_status":"","ping_status":"","sticky":false,"template":"","format":"standard","meta":{"footnotes":""},"categories":[2814],"tags":[1111,47,11,885,1777,674,118,7505,1011,27,2683,884,777,12,883,882,25],"class_list":{"0":"post-561441","1":"post","2":"type-post","3":"status-publish","4":"format-standard","5":"has-post-thumbnail","7":"category-marseille","8":"tag-actu","9":"tag-actualite","10":"tag-actualites","11":"tag-bouches-du-rhone","12":"tag-eu","13":"tag-europe","14":"tag-faits-divers","15":"tag-faits-divers-marseille","16":"tag-fr","17":"tag-france","18":"tag-homicide","19":"tag-marseille","20":"tag-meurtre","21":"tag-news","22":"tag-paca","23":"tag-provence-alpes-cote-dazur","24":"tag-republique-francaise"},"share_on_mastodon":{"url":"https:\/\/pubeurope.com\/@fr\/115619683795697710","error":""},"_links":{"self":[{"href":"https:\/\/www.europesays.com\/fr\/wp-json\/wp\/v2\/posts\/561441","targetHints":{"allow":["GET"]}}],"collection":[{"href":"https:\/\/www.europesays.com\/fr\/wp-json\/wp\/v2\/posts"}],"about":[{"href":"https:\/\/www.europesays.com\/fr\/wp-json\/wp\/v2\/types\/post"}],"author":[{"embeddable":true,"href":"https:\/\/www.europesays.com\/fr\/wp-json\/wp\/v2\/users\/2"}],"replies":[{"embeddable":true,"href":"https:\/\/www.europesays.com\/fr\/wp-json\/wp\/v2\/comments?post=561441"}],"version-history":[{"count":0,"href":"https:\/\/www.europesays.com\/fr\/wp-json\/wp\/v2\/posts\/561441\/revisions"}],"wp:featuredmedia":[{"embeddable":true,"href":"https:\/\/www.europesays.com\/fr\/wp-json\/wp\/v2\/media\/561442"}],"wp:attachment":[{"href":"https:\/\/www.europesays.com\/fr\/wp-json\/wp\/v2\/media?parent=561441"}],"wp:term":[{"taxonomy":"category","embeddable":true,"href":"https:\/\/www.europesays.com\/fr\/wp-json\/wp\/v2\/categories?post=561441"},{"taxonomy":"post_tag","embeddable":true,"href":"https:\/\/www.europesays.com\/fr\/wp-json\/wp\/v2\/tags?post=561441"}],"curies":[{"name":"wp","href":"https:\/\/api.w.org\/{rel}","templated":true}]}}