{"id":561445,"date":"2025-11-27T04:06:37","date_gmt":"2025-11-27T04:06:37","guid":{"rendered":"https:\/\/www.europesays.com\/fr\/561445\/"},"modified":"2025-11-27T04:06:37","modified_gmt":"2025-11-27T04:06:37","slug":"valneva-regroupe-ses-activites-francaises-a-lyon-2","status":"publish","type":"post","link":"https:\/\/www.europesays.com\/fr\/561445\/","title":{"rendered":"Valneva regroupe ses activit\u00e9s fran\u00e7aises \u00e0 Lyon"},"content":{"rendered":"<p class=\"fig-paragraph\">Le fabricant franco-autrichien de vaccins contre des maladies infectieuses notamment transmises par le moustique tigre,\u00a0<a href=\"http:\/\/www.lefigaro.fr\/flash-eco\/vaccins-valneva-abaisse-ses-previsions-et-refinance-sa-dette-20251006\" data-fig-type=\"NewsFlash\" data-gtm-custom-categorie=\"navigation\" data-gtm-custom-action=\"crossclick\" data-gtm-custom-label=\"Contextuel\" data-gtm-event=\"customEventSPE\" data-fig-domain=\"LEFIGARO\" target=\"_blank\" rel=\"noopener\">Valneva,<\/a>\u00a0a annonc\u00e9 mercredi une r\u00e9organisation de ses activit\u00e9s en France qui pr\u00e9voit de les concentrer sur son site de Lyon (Rh\u00f4ne-Alpes).<\/p>\n<p class=\"fig-paragraph\">Dans le cadre de cette \u00abconsolidation des activit\u00e9s\u00bb, Valneva a pr\u00e9vu de fermer son site de Nantes qui compte actuellement des activit\u00e9s op\u00e9rationnelles ainsi que certaines activit\u00e9s de recherche et d\u00e9veloppement pr\u00e9clinique, selon un communiqu\u00e9. L&rsquo;ensemble des activit\u00e9s de recherche et d\u00e9veloppement (R&amp;D) sera centralis\u00e9 \u00e0 Vienne, en Autriche, selon Valneva, qui envisage de rapatrier son si\u00e8ge social \u00e0 Lyon, ville o\u00f9 il \u00e9tait initialement implant\u00e9 et qui est \u00abreconnue \u00e0 l&rsquo;international comme un p\u00f4le majeur dans le domaine des vaccins\u00bb. Cette initiative permettra \u00abde rationaliser les op\u00e9rations et d&rsquo;am\u00e9liorer l&rsquo;efficacit\u00e9 en France\u00bb, indique le communiqu\u00e9. \u00abTrente personnes sont concern\u00e9es par cette r\u00e9organisation\u00bb, a pr\u00e9cis\u00e9 \u00e0 l&rsquo;AFP la soci\u00e9t\u00e9, qui dit s&rsquo;engager \u00e0 \u00abaccompagner ses employ\u00e9s tout au long de cette transition\u00bb.\u00a0<\/p>\n<p>                                    <a class=\"fig-a11y-skip a11y-hidden\" href=\"#fig-a11y-skip-main-inarticle\"><br \/>\n        Passer la publicit\u00e9<br \/>\n    <\/a><\/p>\n<p class=\"fig-paragraph\">Issue de la fusion en 2013 du sp\u00e9cialiste autrichien des vaccins Intercell et du fran\u00e7ais Vivalis, Valneva commercialise actuellement trois vaccins du voyage: contre le chikungunya (Ixchiq), contre l&rsquo;enc\u00e9phalite japonaise (Ixiaro) et contre le chol\u00e9ra (Dukoral). La soci\u00e9t\u00e9 d\u00e9veloppe aussi un candidat vaccin (en partenariat avec Pfizer), contre la maladie de Lyme, transmise par des tiques, un autre contre la shigellose, maladie infectieuse de l&rsquo;intestin, et enfin contre le virus Zika transmis par des moustiques.<\/p>\n","protected":false},"excerpt":{"rendered":"Le fabricant franco-autrichien de vaccins contre des maladies infectieuses notamment transmises par le moustique tigre,\u00a0Valneva,\u00a0a annonc\u00e9 mercredi une&hellip;\n","protected":false},"author":2,"featured_media":561446,"comment_status":"","ping_status":"","sticky":false,"template":"","format":"standard","meta":{"footnotes":""},"categories":[1889],"tags":[1111,11,2430,1777,674,1011,27,2428,12,25,773,20718],"class_list":{"0":"post-561445","1":"post","2":"type-post","3":"status-publish","4":"format-standard","5":"has-post-thumbnail","7":"category-lyon","8":"tag-actu","9":"tag-actualites","10":"tag-auvergne-rhone-alpes","11":"tag-eu","12":"tag-europe","13":"tag-fr","14":"tag-france","15":"tag-lyon","16":"tag-news","17":"tag-republique-francaise","18":"tag-vaccin","19":"tag-valneva"},"share_on_mastodon":{"url":"https:\/\/pubeurope.com\/@fr\/115619691446803132","error":""},"_links":{"self":[{"href":"https:\/\/www.europesays.com\/fr\/wp-json\/wp\/v2\/posts\/561445","targetHints":{"allow":["GET"]}}],"collection":[{"href":"https:\/\/www.europesays.com\/fr\/wp-json\/wp\/v2\/posts"}],"about":[{"href":"https:\/\/www.europesays.com\/fr\/wp-json\/wp\/v2\/types\/post"}],"author":[{"embeddable":true,"href":"https:\/\/www.europesays.com\/fr\/wp-json\/wp\/v2\/users\/2"}],"replies":[{"embeddable":true,"href":"https:\/\/www.europesays.com\/fr\/wp-json\/wp\/v2\/comments?post=561445"}],"version-history":[{"count":0,"href":"https:\/\/www.europesays.com\/fr\/wp-json\/wp\/v2\/posts\/561445\/revisions"}],"wp:featuredmedia":[{"embeddable":true,"href":"https:\/\/www.europesays.com\/fr\/wp-json\/wp\/v2\/media\/561446"}],"wp:attachment":[{"href":"https:\/\/www.europesays.com\/fr\/wp-json\/wp\/v2\/media?parent=561445"}],"wp:term":[{"taxonomy":"category","embeddable":true,"href":"https:\/\/www.europesays.com\/fr\/wp-json\/wp\/v2\/categories?post=561445"},{"taxonomy":"post_tag","embeddable":true,"href":"https:\/\/www.europesays.com\/fr\/wp-json\/wp\/v2\/tags?post=561445"}],"curies":[{"name":"wp","href":"https:\/\/api.w.org\/{rel}","templated":true}]}}