{"id":561447,"date":"2025-11-27T04:08:39","date_gmt":"2025-11-27T04:08:39","guid":{"rendered":"https:\/\/www.europesays.com\/fr\/561447\/"},"modified":"2025-11-27T04:08:39","modified_gmt":"2025-11-27T04:08:39","slug":"ce-joli-village-situe-a-cote-de-paris-devoile-les-plus-belles-decorations-de-noel","status":"publish","type":"post","link":"https:\/\/www.europesays.com\/fr\/561447\/","title":{"rendered":"Ce joli village situ\u00e9 \u00e0 c\u00f4t\u00e9 de Paris d\u00e9voile les plus belles d\u00e9corations de No\u00ebl"},"content":{"rendered":"<p>\u00c0 l&rsquo;approche du mois de d\u00e9cembre, l&rsquo;ambiance de No\u00ebl s&rsquo;installe sur le territoire fran\u00e7ais. Pour plonger pleinement dans l&rsquo;atmosph\u00e8re des f\u00eates, on s&rsquo;offre une escapade dans l&rsquo;un des <strong>plus beaux villages d&rsquo;\u00cele-de-France<\/strong>. Dans le d\u00e9partement des Yvelines, \u00e0 seulement quelques minutes du centre de Paris, se cache une sublime destination. R\u00e9put\u00e9e pour ses <strong>illuminations de No\u00ebl<\/strong>, le village de Rambouillet fait partie des meilleurs endroits \u00e0 d\u00e9couvrir pendant la p\u00e9riode de la fin de l&rsquo;ann\u00e9e.\u00a0<\/p>\n<p>Le village de Rambouillet d\u00e9voile les plus belles illuminations de No\u00ebl\u00a0<\/p>\n<p>Chaque ann\u00e9e, le<strong> village de Rambouillet<\/strong> attire les visiteurs gr\u00e2ce \u00e0 ses sublimes d\u00e9corations de No\u00ebl. Du 6 d\u00e9cembre 2025 au 4 janvier 2026, la destination accueille sa traditionnelle patinoire, qui saura ravir les grands comme les petits, sur une surface glac\u00e9e de plus de\u00a0360 m2. Le jardin du <strong>palais du roi de Rome<\/strong>, quant \u00e0 lui, proposera son No\u00ebl \u00e9tincelant. Les 12, 13 et 14 d\u00e9cembre, il sera possible de profiter d&rsquo;une balade nocturne dans un parcours lumineux enflamm\u00e9, imagin\u00e9 autour de la\u00a0la compagnie Carabosse. Au m\u00eame moment, un roman d&rsquo;hiver sera projet\u00e9 sur la\u00a0fa\u00e7ade du mus\u00e9e.\u00a0<\/p>\n<p>Lire aussi<\/p>\n<p>\t\t\t<a class=\"ContextualLinks-link\" href=\"https:\/\/www.cosmopolitan.fr\/inspire-des-marches-de-noel-suisses-ce-village-feerique-debarque-en-france-et-promet-de-vous-en-mettre-plein-les-yeux,2149804.asp\" target=\"_blank\" rel=\"noopener\">Inspir\u00e9 des march\u00e9s de No\u00ebl suisses, ce village f\u00e9\u00e9rique d\u00e9barque en France et promet de vous en mettre plein les yeux<\/a>\t<\/p>\n<p>Enfin, le <strong>ch\u00e2teau de Rambouillet<\/strong> sera lui aussi le th\u00e9\u00e2tre d&rsquo;animations pour les f\u00eates de No\u00ebl. Du 28 novembre au 21 d\u00e9cembre, on pourra assister \u00e0 un\u00a0parcours spectacle immersif d\u2019une heure, pr\u00e9par\u00e9 par plus de 50 figurants et acteurs, dans le d\u00e9cor magique de la b\u00e2tisse ancienne. La Bergerie nationale sera le berceau du <a href=\"https:\/\/www.cosmopolitan.fr\/bien-moins-connu-que-strasbourg-ce-marche-de-noel-est-l-un-des-plus-beaux-a-voir-en-france,2149101.asp\" title=\"Bien moins connu que Strasbourg, ce march\u00e9 de No\u00ebl est l&#039;un des plus beaux \u00e0 voir en France\" class=\"internal\" target=\"_blank\" rel=\"noopener\">march\u00e9 de No\u00ebl<\/a>, le 14 d\u00e9cembre, mais d\u00e9voilera \u00e9galement des activit\u00e9s autour des animaux et de la ferme.\u00a0<\/p>\n<p>Que faire \u00e0 c\u00f4t\u00e9 du village de Rambouillet pour les f\u00eates ?\u00a0<\/p>\n<p>Situ\u00e9 en plein c\u0153ur des Yvelines, le village de Rambouillet est id\u00e9alement plac\u00e9 pour profiter du reste de l&rsquo;\u00cele-de-France. On d\u00e9couvre \u00e9galement les autres <strong>petits villages<\/strong> des alentours comme Poigny-la-For\u00eat, Vieille-\u00c9glise-en-Yvelines, La Celle-des-Bordes, Gazeran, Saint-Hilarion. On se presse aussi pour admirer les plus belles<strong> illuminations de No\u00ebl<\/strong> \u00e0 Versailles ou encore du centre de Paris, tant la capitale d\u00e9voile de sublimes d\u00e9corations et ce, dans tous ses diff\u00e9rents arrondissements.<\/p>\n<p>Lire aussi<\/p>\n<ul class=\"ContextualLinks-items\">&#13;<\/p>\n<li class=\"ContextualLinks-item\">&#13;<br \/>\n\t\t\t\t\t\t<a class=\"ContextualLinks-link\" href=\"https:\/\/www.cosmopolitan.fr\/attention-pour-ne-pas-se-faire-avoir-sur-les-marches-de-noel-il-est-tres-important-de-connaitre-cette-regle,2149649.asp\" target=\"_blank\" rel=\"noopener\">Attention, pour ne pas se faire avoir sur les march\u00e9s de No\u00ebl, il est tr\u00e8s important de conna\u00eetre cette r\u00e8gle<\/a>&#13;\n\t\t\t\t\t<\/li>\n<li class=\"ContextualLinks-item\">&#13;<br \/>\n\t\t\t\t\t\t<a class=\"ContextualLinks-link\" href=\"https:\/\/www.cosmopolitan.fr\/juste-a-cote-de-paris-ce-village-magique-accueille-l-un-des-plus-beaux-marches-de-noel,2149509.asp\" target=\"_blank\" rel=\"noopener\">Juste \u00e0 c\u00f4t\u00e9 de Paris, ce village magique accueille l&rsquo;un des plus beaux march\u00e9s de No\u00ebl<\/a>&#13;\n\t\t\t\t\t<\/li>\n<\/ul>\n","protected":false},"excerpt":{"rendered":"\u00c0 l&rsquo;approche du mois de d\u00e9cembre, l&rsquo;ambiance de No\u00ebl s&rsquo;installe sur le territoire fran\u00e7ais. Pour plonger pleinement dans&hellip;\n","protected":false},"author":2,"featured_media":561448,"comment_status":"","ping_status":"","sticky":false,"template":"","format":"standard","meta":{"footnotes":""},"categories":[1592],"tags":[1111,11,1777,674,1011,27,662,12,626,25],"class_list":{"0":"post-561447","1":"post","2":"type-post","3":"status-publish","4":"format-standard","5":"has-post-thumbnail","7":"category-ile-de-france","8":"tag-actu","9":"tag-actualites","10":"tag-eu","11":"tag-europe","12":"tag-fr","13":"tag-france","14":"tag-ile-de-france","15":"tag-news","16":"tag-paris","17":"tag-republique-francaise"},"share_on_mastodon":{"url":"https:\/\/pubeurope.com\/@fr\/115619699468867713","error":""},"_links":{"self":[{"href":"https:\/\/www.europesays.com\/fr\/wp-json\/wp\/v2\/posts\/561447","targetHints":{"allow":["GET"]}}],"collection":[{"href":"https:\/\/www.europesays.com\/fr\/wp-json\/wp\/v2\/posts"}],"about":[{"href":"https:\/\/www.europesays.com\/fr\/wp-json\/wp\/v2\/types\/post"}],"author":[{"embeddable":true,"href":"https:\/\/www.europesays.com\/fr\/wp-json\/wp\/v2\/users\/2"}],"replies":[{"embeddable":true,"href":"https:\/\/www.europesays.com\/fr\/wp-json\/wp\/v2\/comments?post=561447"}],"version-history":[{"count":0,"href":"https:\/\/www.europesays.com\/fr\/wp-json\/wp\/v2\/posts\/561447\/revisions"}],"wp:featuredmedia":[{"embeddable":true,"href":"https:\/\/www.europesays.com\/fr\/wp-json\/wp\/v2\/media\/561448"}],"wp:attachment":[{"href":"https:\/\/www.europesays.com\/fr\/wp-json\/wp\/v2\/media?parent=561447"}],"wp:term":[{"taxonomy":"category","embeddable":true,"href":"https:\/\/www.europesays.com\/fr\/wp-json\/wp\/v2\/categories?post=561447"},{"taxonomy":"post_tag","embeddable":true,"href":"https:\/\/www.europesays.com\/fr\/wp-json\/wp\/v2\/tags?post=561447"}],"curies":[{"name":"wp","href":"https:\/\/api.w.org\/{rel}","templated":true}]}}