{"id":561449,"date":"2025-11-27T04:09:14","date_gmt":"2025-11-27T04:09:14","guid":{"rendered":"https:\/\/www.europesays.com\/fr\/561449\/"},"modified":"2025-11-27T04:09:14","modified_gmt":"2025-11-27T04:09:14","slug":"mort-dune-pietonne-de-73-ans-violemment-percutee-par-un-camion-de-location-en-pleine-manoeuvre","status":"publish","type":"post","link":"https:\/\/www.europesays.com\/fr\/561449\/","title":{"rendered":"mort d&rsquo;une pi\u00e9tonne de 73 ans violemment percut\u00e9e par un camion de location en pleine man\u0153uvre"},"content":{"rendered":"<p>                    Par<br \/>\n        <strong><br \/>\n            <a href=\"https:\/\/actu.fr\/auteur\/julie-bossart-actu-fr\" title=\"Consulter tous les articles de Julie Bossart\" target=\"_blank\" rel=\"noopener\">Julie Bossart<\/a><br \/>\n                    <\/strong><\/p>\n<p>        Publi\u00e9 le<\/p>\n<p>            26 nov. 2025 \u00e0 19h32        <\/p>\n<p>Un dramatique <a href=\"https:\/\/actu.fr\/tag\/accident\" target=\"_blank\" rel=\"noopener\">accident<\/a> de la <a href=\"https:\/\/actu.fr\/tag\/circulation\" target=\"_blank\" rel=\"noopener\">circulation<\/a> est survenu ce mercredi 26\u00a0novembre 2025, a appris actu aupr\u00e8s du parquet de <a href=\"https:\/\/actu.fr\/paris\/dernieres-actus\" target=\"_blank\" rel=\"noopener\">Paris<\/a>, confirmant une information du Parisien. Il a caus\u00e9 la mort d\u2019une femme, \u00e2g\u00e9e de 73\u00a0ans.<\/p>\n<p>Premiers d\u00e9pistages n\u00e9gatifs<\/p>\n<p class=\" wall-content\">Il \u00e9tait 10\u2009h\u200940, au croisement des rues de l\u2019Ave-Maria et des Jardins Saint-Paul, dans le 4e arrondissement, lorsqu\u2019un camion de location a effectu\u00e9 une marche arri\u00e8re. Pendant sa man\u0153uvre, le conducteur du v\u00e9hicule a percut\u00e9 une pi\u00e9tonne. La victime, malgr\u00e9 la prise en charge des secours, est d\u00e9c\u00e9d\u00e9e peu apr\u00e8s.<\/p>\n<p class=\" wall-content\">Les forces de l\u2019ordre ont effectu\u00e9 de premiers d\u00e9pistages d\u2019alcool et de stup\u00e9fiants sur l\u2019homme de 51\u00a0ans qui \u00e9tait derri\u00e8re le volant. Ils se sont r\u00e9v\u00e9l\u00e9s n\u00e9gatifs, pr\u00e9cise le parquet. Une enqu\u00eate pour homicide involontaire a \u00e9t\u00e9 ouverte et confi\u00e9e au service de traitement judiciaire des accidents (STJA).<\/p>\n<p class=\" wall-content\">\u00c0 cette heure, aucune autre information ne filtre sur les circonstances de ce drame. Le quinquag\u00e9naire mis en cause devra \u00eatre auditionn\u00e9 dans le cadre de l\u2019enqu\u00eate.<\/p>\n<p class=\" wall-content\">Personnalisez votre actualit\u00e9 en ajoutant vos villes et m\u00e9dias en favori avec <a href=\"https:\/\/moncompte.actu.fr\" title=\"D\u00e9couvez Mon Actu\" rel=\"nofollow noopener\" data-trk=\"{&quot;cta&quot;:{&quot;action&quot;:&quot;https:\\\/\\\/moncompte.actu.fr&quot;,&quot;category&quot;:&quot;mon compte&quot;,&quot;from&quot;:&quot;article footer&quot;,&quot;name&quot;:&quot;Mon actu&quot;,&quot;type&quot;:&quot;cta&quot;}}\" target=\"_blank\">Mon Actu<\/a>.<\/p>\n","protected":false},"excerpt":{"rendered":"Par Julie Bossart Publi\u00e9 le 26 nov. 2025 \u00e0 19h32 Un dramatique accident de la circulation est survenu&hellip;\n","protected":false},"author":2,"featured_media":326147,"comment_status":"","ping_status":"","sticky":false,"template":"","format":"standard","meta":{"footnotes":""},"categories":[1888],"tags":[119,1111,1928,11,1927,3542,1777,674,118,1011,27,12,1926,626,1925,25],"class_list":{"0":"post-561449","1":"post","2":"type-post","3":"status-publish","4":"format-standard","5":"has-post-thumbnail","7":"category-paris","8":"tag-accident","9":"tag-actu","10":"tag-actu-paris","11":"tag-actualites","12":"tag-actualites-paris","13":"tag-circulation","14":"tag-eu","15":"tag-europe","16":"tag-faits-divers","17":"tag-fr","18":"tag-france","19":"tag-news","20":"tag-news-paris","21":"tag-paris","22":"tag-paris-news","23":"tag-republique-francaise"},"share_on_mastodon":{"url":"https:\/\/pubeurope.com\/@fr\/115619703429828043","error":""},"_links":{"self":[{"href":"https:\/\/www.europesays.com\/fr\/wp-json\/wp\/v2\/posts\/561449","targetHints":{"allow":["GET"]}}],"collection":[{"href":"https:\/\/www.europesays.com\/fr\/wp-json\/wp\/v2\/posts"}],"about":[{"href":"https:\/\/www.europesays.com\/fr\/wp-json\/wp\/v2\/types\/post"}],"author":[{"embeddable":true,"href":"https:\/\/www.europesays.com\/fr\/wp-json\/wp\/v2\/users\/2"}],"replies":[{"embeddable":true,"href":"https:\/\/www.europesays.com\/fr\/wp-json\/wp\/v2\/comments?post=561449"}],"version-history":[{"count":0,"href":"https:\/\/www.europesays.com\/fr\/wp-json\/wp\/v2\/posts\/561449\/revisions"}],"wp:featuredmedia":[{"embeddable":true,"href":"https:\/\/www.europesays.com\/fr\/wp-json\/wp\/v2\/media\/326147"}],"wp:attachment":[{"href":"https:\/\/www.europesays.com\/fr\/wp-json\/wp\/v2\/media?parent=561449"}],"wp:term":[{"taxonomy":"category","embeddable":true,"href":"https:\/\/www.europesays.com\/fr\/wp-json\/wp\/v2\/categories?post=561449"},{"taxonomy":"post_tag","embeddable":true,"href":"https:\/\/www.europesays.com\/fr\/wp-json\/wp\/v2\/tags?post=561449"}],"curies":[{"name":"wp","href":"https:\/\/api.w.org\/{rel}","templated":true}]}}