{"id":561456,"date":"2025-11-27T04:13:16","date_gmt":"2025-11-27T04:13:16","guid":{"rendered":"https:\/\/www.europesays.com\/fr\/561456\/"},"modified":"2025-11-27T04:13:16","modified_gmt":"2025-11-27T04:13:16","slug":"espionnage-pour-la-russie-quatre-personnes-arretees-en-france","status":"publish","type":"post","link":"https:\/\/www.europesays.com\/fr\/561456\/","title":{"rendered":"Espionnage pour la Russie : quatre personnes arr\u00eat\u00e9es en France"},"content":{"rendered":"<p class=\"jsx-4058425199 jsx-2164199691 ExpandableText__Text\">Depuis plusieurs ann\u00e9es, notamment depuis l&rsquo;invasion de l&rsquo;Ukraine, la Russie espionne la France. Quatre personnes sont mises en examen pour intelligence avec une puissance \u00e9trang\u00e8re et association de malfaiteurs en vue de la pr\u00e9paration d&rsquo;un crime.  L&rsquo;une d&rsquo;entre elles est la fondatrice d&rsquo;une association officiellement d&rsquo;aide au Donbas, mais qui pourrait \u00eatre une couverture. Elle aurait un lien avec la d\u00e9couverte d&rsquo;affiches pro-russes coll\u00e9es sur l&rsquo;Arc de triomphe en septembre dernier.<\/p>\n<p>Lire plusReplier<\/p>\n","protected":false},"excerpt":{"rendered":"Depuis plusieurs ann\u00e9es, notamment depuis l&rsquo;invasion de l&rsquo;Ukraine, la Russie espionne la France. Quatre personnes sont mises en&hellip;\n","protected":false},"author":2,"featured_media":561457,"comment_status":"","ping_status":"","sticky":false,"template":"","format":"standard","meta":{"footnotes":""},"categories":[1591],"tags":[11,2951,2950,1887,2954,2952,12,1885,1886,132,133,2953,2949],"class_list":{"0":"post-561456","1":"post","2":"type-post","3":"status-publish","4":"format-standard","5":"has-post-thumbnail","7":"category-russie","8":"tag-actualites","9":"tag-criminalite","10":"tag-delinquance","11":"tag-federation-de-russie","12":"tag-justice-et-faits-divers","13":"tag-le-20h","14":"tag-news","15":"tag-russia","16":"tag-russian-federation","17":"tag-russie","18":"tag-video","19":"tag-video-police","20":"tag-violences"},"share_on_mastodon":{"url":"https:\/\/pubeurope.com\/@fr\/115619719255798866","error":""},"_links":{"self":[{"href":"https:\/\/www.europesays.com\/fr\/wp-json\/wp\/v2\/posts\/561456","targetHints":{"allow":["GET"]}}],"collection":[{"href":"https:\/\/www.europesays.com\/fr\/wp-json\/wp\/v2\/posts"}],"about":[{"href":"https:\/\/www.europesays.com\/fr\/wp-json\/wp\/v2\/types\/post"}],"author":[{"embeddable":true,"href":"https:\/\/www.europesays.com\/fr\/wp-json\/wp\/v2\/users\/2"}],"replies":[{"embeddable":true,"href":"https:\/\/www.europesays.com\/fr\/wp-json\/wp\/v2\/comments?post=561456"}],"version-history":[{"count":0,"href":"https:\/\/www.europesays.com\/fr\/wp-json\/wp\/v2\/posts\/561456\/revisions"}],"wp:featuredmedia":[{"embeddable":true,"href":"https:\/\/www.europesays.com\/fr\/wp-json\/wp\/v2\/media\/561457"}],"wp:attachment":[{"href":"https:\/\/www.europesays.com\/fr\/wp-json\/wp\/v2\/media?parent=561456"}],"wp:term":[{"taxonomy":"category","embeddable":true,"href":"https:\/\/www.europesays.com\/fr\/wp-json\/wp\/v2\/categories?post=561456"},{"taxonomy":"post_tag","embeddable":true,"href":"https:\/\/www.europesays.com\/fr\/wp-json\/wp\/v2\/tags?post=561456"}],"curies":[{"name":"wp","href":"https:\/\/api.w.org\/{rel}","templated":true}]}}