{"id":561462,"date":"2025-11-27T04:18:35","date_gmt":"2025-11-27T04:18:35","guid":{"rendered":"https:\/\/www.europesays.com\/fr\/561462\/"},"modified":"2025-11-27T04:18:35","modified_gmt":"2025-11-27T04:18:35","slug":"non-le-rn-au-pouvoir-ne-se-meloniserait-pas","status":"publish","type":"post","link":"https:\/\/www.europesays.com\/fr\/561462\/","title":{"rendered":"Non, le RN au pouvoir ne se \u201cmeloniserait\u201d pas !"},"content":{"rendered":"\n<p>La g\u00e9n\u00e9ralisation abusive\u00a0: voil\u00e0 une erreur de logique qui frappe plus d\u2019un commentateur politique qui pr\u00e9tend \u00e9tablir des v\u00e9rit\u00e9s universelles \u00e0 partir d\u2019une observation isol\u00e9e. Celle qui me revient le plus souvent aux oreilles concerne les extr\u00eames droites europ\u00e9ennes, dont les chefs, s\u2019ils arrivaient au pouvoir, marcheraient immanquablement dans les pas de Giorgia Meloni.<\/p>\n<p>La Premi\u00e8re ministre italienne a beau avoir construit son ascension sur l\u2019euroscepticisme, sa gouvernance actuelle est plut\u00f4t proeurop\u00e9enne \u2013 ou, pour reprendre son vocabulaire, \u201cr\u00e9aliste sur l\u2019Europe\u201d. La doxa voudrait que l\u2019extr\u00eame droite fran\u00e7aise fasse de m\u00eame, mais c\u2019est se fourrer le doigt dans l\u2019\u0153il sur la nature du Rassemblement national de Marine Le Pen.<\/p>\n<p>Ce parti est aux antipodes du Fratelli d\u2019Italia de Meloni, les deux formations \u00e9tant diam\u00e9tralement oppos\u00e9es au sujet de l\u2019Otan et de l\u2019Europe. S\u2019attendre \u00e0 ce que le RN singe l\u2019adoucissement de Meloni, c\u2019est justement commettre une de ces g\u00e9n\u00e9ralisations abusives.<\/p>\n<p> Des trajectoires diff\u00e9rentes <\/p>\n<p>La carri\u00e8re de Meloni est un p\u00e9riple de longue haleine. Elle commence la politique dans les ann\u00e9es 1990, au sein du Mouvement social italien, une formation n\u00e9ofasciste d\u2019apr\u00e8s-guerre. En 1995, son chef Gianfranco Fini restructure le parti, qui devient l\u2019Allia<\/p>\n","protected":false},"excerpt":{"rendered":"La g\u00e9n\u00e9ralisation abusive\u00a0: voil\u00e0 une erreur de logique qui frappe plus d\u2019un commentateur politique qui pr\u00e9tend \u00e9tablir des&hellip;\n","protected":false},"author":2,"featured_media":561463,"comment_status":"","ping_status":"","sticky":false,"template":"","format":"standard","meta":{"footnotes":""},"categories":[1588],"tags":[11,1777,674,27,3044,1077,3821,430,12,316,2556,473,1853,1851,2475,1850,1852],"class_list":{"0":"post-561462","1":"post","2":"type-post","3":"status-publish","4":"format-standard","5":"has-post-thumbnail","7":"category-royaume-uni","8":"tag-actualites","9":"tag-eu","10":"tag-europe","11":"tag-france","12":"tag-giorgia-meloni","13":"tag-jordan-bardella","14":"tag-la-france-vue-de-lu2019u00e9tranger","15":"tag-marine-le-pen","16":"tag-news","17":"tag-politique","18":"tag-rassemblement-national-rn","19":"tag-royaume-uni","20":"tag-royaume-uni-de-grande-bretagne-et-dirlande-du-nord","21":"tag-uk","22":"tag-union-europu00e9enne","23":"tag-united-kingdom","24":"tag-united-kingdom-of-great-britain-and-northern-ireland"},"share_on_mastodon":{"url":"https:\/\/pubeurope.com\/@fr\/115619738563104139","error":""},"_links":{"self":[{"href":"https:\/\/www.europesays.com\/fr\/wp-json\/wp\/v2\/posts\/561462","targetHints":{"allow":["GET"]}}],"collection":[{"href":"https:\/\/www.europesays.com\/fr\/wp-json\/wp\/v2\/posts"}],"about":[{"href":"https:\/\/www.europesays.com\/fr\/wp-json\/wp\/v2\/types\/post"}],"author":[{"embeddable":true,"href":"https:\/\/www.europesays.com\/fr\/wp-json\/wp\/v2\/users\/2"}],"replies":[{"embeddable":true,"href":"https:\/\/www.europesays.com\/fr\/wp-json\/wp\/v2\/comments?post=561462"}],"version-history":[{"count":0,"href":"https:\/\/www.europesays.com\/fr\/wp-json\/wp\/v2\/posts\/561462\/revisions"}],"wp:featuredmedia":[{"embeddable":true,"href":"https:\/\/www.europesays.com\/fr\/wp-json\/wp\/v2\/media\/561463"}],"wp:attachment":[{"href":"https:\/\/www.europesays.com\/fr\/wp-json\/wp\/v2\/media?parent=561462"}],"wp:term":[{"taxonomy":"category","embeddable":true,"href":"https:\/\/www.europesays.com\/fr\/wp-json\/wp\/v2\/categories?post=561462"},{"taxonomy":"post_tag","embeddable":true,"href":"https:\/\/www.europesays.com\/fr\/wp-json\/wp\/v2\/tags?post=561462"}],"curies":[{"name":"wp","href":"https:\/\/api.w.org\/{rel}","templated":true}]}}