{"id":561464,"date":"2025-11-27T04:21:44","date_gmt":"2025-11-27T04:21:44","guid":{"rendered":"https:\/\/www.europesays.com\/fr\/561464\/"},"modified":"2025-11-27T04:21:44","modified_gmt":"2025-11-27T04:21:44","slug":"marches-en-bref-cambodge-partenariat-transpacifique-defense-allemagne-eolien","status":"publish","type":"post","link":"https:\/\/www.europesays.com\/fr\/561464\/","title":{"rendered":"March\u00e9s, en bref\u00a0: Cambodge, partenariat transpacifique, d\u00e9fense, Allemagne, \u00e9olien"},"content":{"rendered":"<p><strong>Cambodge<\/strong>\u00a0: Phnom Penh accueille <strong>un nouvel a\u00e9roport international<\/strong> en remplacement du pr\u00e9c\u00e9dent. Baptis\u00e9 <strong>Techo<\/strong>, il est dot\u00e9 de trois pistes et pourra, \u00e0 terme, accueillir <strong>jusqu\u2019\u00e0 50 millions de voyageurs par an<\/strong>. Pour la premi\u00e8re fois au Cambodge, les voyageurs peuvent profiter d\u2019une exp\u00e9rience a\u00e9roportuaire enti\u00e8rement num\u00e9rique, de l\u2019enregistrement \u00e0 l\u2019embarquement gr\u00e2ce aux bornes libre-service, aux bornes d\u2019enregistrement automatis\u00e9es et aux portes d\u2019embarquement biom\u00e9triques de l\u2019entreprise fran\u00e7aise SITA. Cette derni\u00e8re a \u00e9galement fourni la plateforme CUTE (Common Use Terminal Equipment) de SITA, qui garantit une collaboration fluide entre les compagnies a\u00e9riennes, les prestataires de services d\u2019assistance en escale et les op\u00e9rations a\u00e9roportuaires.<\/p>\n<p><strong>Partenariat transpacifique<\/strong>\u00a0: <strong>L\u2019Union europ\u00e9enne<\/strong> et les 12 pays signataires de l\u2019Accord de partenariat transpacifique (Australie, Brun\u00e9i, Canada, Chili, Japon, Malaisie, Mexique, Nouvelle-Z\u00e9lande, P\u00e9rou, Royaume-Uni, Singapour et le Vietnam) se sont r\u00e9unis pour la premi\u00e8re fois le 20 novembre en Australie dans le cadre de leur <strong>dialogue sur le commerce et l\u2019investissement<\/strong>. Les deux blocs ont r\u00e9affirm\u00e9 leur engagement en faveur d\u2019un commerce ouvert et fond\u00e9 sur des r\u00e8gles, tout en obtenant des r\u00e9sultats tangibles. Les 39 pays concern\u00e9s repr\u00e9sentent 32 % du PIB mondial et <strong>37 % du commerce mondial<\/strong>. Le dialogue sur le commerce et l\u2019investissement doit porter sur la coop\u00e9ration dans cinq domaines cl\u00e9s : la diversification des \u00e9changes, le commerce num\u00e9rique, la facilitation du commerce et des investissements, la r\u00e9silience des cha\u00eenes d\u2019approvisionnement et l\u2019environnement commercial mondial, y compris la r\u00e9forme de l\u2019Organisation mondiale du commerce.<\/p>\n<p><strong>D\u00e9fense <\/strong>: \u00a0Le Parlement europ\u00e9en a donn\u00e9 son fon vert au <strong>programme pour l\u2019industrie de d\u00e9fense (European Defence Industry Programme, EDIP)<\/strong> de l\u2019UE qui vise \u00e0 encourager les achats communs, acc\u00e9l\u00e9rer la production d\u2019armements et intensifier le soutien \u00e0 l\u2019Ukraine. \u00a0Le texte adopt\u00e9 le 25 novembre pr\u00e9voit une enveloppe de 1,5 milliard d\u2019euros, dont 300 millions d\u2019euros d\u00e9di\u00e9s \u00e0 l\u2019instrument de soutien \u00e0 l\u2019Ukraine et la cr\u00e9ation d\u2019un fonds pour l\u2019acc\u00e9l\u00e9ration de la transformation de la cha\u00eene d\u2019approvisionnement de la d\u00e9fense (instrument FAST). Lors des n\u00e9gociations avec le Conseil, les d\u00e9put\u00e9s ont obtenu une augmentation du budget du programme, notamment gr\u00e2ce \u00e0 des <strong>contributions financi\u00e8res suppl\u00e9mentaires<\/strong> dans le cadre de l\u2019instrument \u00ab\u00a0Agir pour la s\u00e9curit\u00e9 en Europe\u00a0\u00bb (SAFE). Le programme autorise les \u00c9tats membres \u00e0 utiliser pleinement la facilit\u00e9 pour la reprise et la r\u00e9silience (FRR), en r\u00e9orientant et en r\u00e9allouant les fonds non utilis\u00e9s de la FRR \u00e0 l\u2019EDIP. Enfin les achats extracommunautaires de composants ne devront pas d\u00e9passer 35 % de leur co\u00fbt total.<\/p>\n<p><strong>Allemagne<\/strong>\u00a0: <strong>L\u2019indice Ifo <\/strong>a recul\u00e9 de 0,3 point en novembre, \u00e0 88,1. Bien qu\u2019il soit sup\u00e9rieur \u00e0 celui enregistr\u00e9 en d\u00e9but d\u2019ann\u00e9e, il ne laisse pas pr\u00e9sager une dynamique de croissance positive \u00e0 l\u2019approche de la fin de l\u2019ann\u00e9e 2025. Oxford Economics estime que \u00ab\u00a0la croissance ne s\u2019am\u00e9liorera pas de mani\u00e8re significative avant la mise en place des mesures de relance budg\u00e9taire l\u2019ann\u00e9e prochaine\u00a0\u00bb. Les pr\u00e9visions moins optimistes ont pes\u00e9 sur l\u2019indicateur, tandis que l\u2019\u00e9valuation de <strong>la situation actuelle par les entreprises<\/strong> s\u2019est l\u00e9g\u00e8rement am\u00e9lior\u00e9e, mais reste bien en de\u00e7\u00e0 des sommets annuels enregistr\u00e9s cet \u00e9t\u00e9.<\/p>\n<p><strong>Eolien\u00a0<\/strong>: Apr\u00e8s une p\u00e9riode de forte croissance dans les ann\u00e9es 2010 le d\u00e9veloppement de <strong>l\u2019\u00e9olien offshore<\/strong> semble d\u00e9sormais marquer le pas. Pourtant, souligne une note du cabinet GSA,<strong> les organisations internationales anticipent toujours une forte croissance des capacit\u00e9s install\u00e9es dans les ann\u00e9es \u00e0 venir <\/strong>(441 GW dans le monde en 2034), gr\u00e2ce \u00e0 la hausse de la demande \u00e9lectrique et \u00e0 la maturit\u00e9 commerciale des \u00e9oliennes flottantes. <strong>En outre, de nouveaux march\u00e9s devraient \u00e9merger <\/strong>en Am\u00e9rique latine (Br\u00e9sil, Colombie, notamment), en Afrique (Maroc) ou en Asie (Philippines).<\/p>\n<p>\u00a0<\/p>\n","protected":false},"excerpt":{"rendered":"Cambodge\u00a0: Phnom Penh accueille un nouvel a\u00e9roport international en remplacement du pr\u00e9c\u00e9dent. Baptis\u00e9 Techo, il est dot\u00e9 de&hellip;\n","protected":false},"author":2,"featured_media":561465,"comment_status":"","ping_status":"","sticky":false,"template":"","format":"standard","meta":{"footnotes":""},"categories":[1587],"tags":[11,672,1804,9265,1805,554,1803,18315,1777,674,1801,635,12,67803,1802],"class_list":{"0":"post-561464","1":"post","2":"type-post","3":"status-publish","4":"format-standard","5":"has-post-thumbnail","7":"category-allemagne","8":"tag-actualites","9":"tag-allemagne","10":"tag-bundesrepublik-deutschland","11":"tag-cambodge","12":"tag-de","13":"tag-defense","14":"tag-deutschland","15":"tag-eolien","16":"tag-eu","17":"tag-europe","18":"tag-germany","19":"tag-marches","20":"tag-news","21":"tag-partenariat-transpacifique","22":"tag-republique-federale-dallemagne"},"share_on_mastodon":{"url":"https:\/\/pubeurope.com\/@fr\/115619750387288874","error":""},"_links":{"self":[{"href":"https:\/\/www.europesays.com\/fr\/wp-json\/wp\/v2\/posts\/561464","targetHints":{"allow":["GET"]}}],"collection":[{"href":"https:\/\/www.europesays.com\/fr\/wp-json\/wp\/v2\/posts"}],"about":[{"href":"https:\/\/www.europesays.com\/fr\/wp-json\/wp\/v2\/types\/post"}],"author":[{"embeddable":true,"href":"https:\/\/www.europesays.com\/fr\/wp-json\/wp\/v2\/users\/2"}],"replies":[{"embeddable":true,"href":"https:\/\/www.europesays.com\/fr\/wp-json\/wp\/v2\/comments?post=561464"}],"version-history":[{"count":0,"href":"https:\/\/www.europesays.com\/fr\/wp-json\/wp\/v2\/posts\/561464\/revisions"}],"wp:featuredmedia":[{"embeddable":true,"href":"https:\/\/www.europesays.com\/fr\/wp-json\/wp\/v2\/media\/561465"}],"wp:attachment":[{"href":"https:\/\/www.europesays.com\/fr\/wp-json\/wp\/v2\/media?parent=561464"}],"wp:term":[{"taxonomy":"category","embeddable":true,"href":"https:\/\/www.europesays.com\/fr\/wp-json\/wp\/v2\/categories?post=561464"},{"taxonomy":"post_tag","embeddable":true,"href":"https:\/\/www.europesays.com\/fr\/wp-json\/wp\/v2\/tags?post=561464"}],"curies":[{"name":"wp","href":"https:\/\/api.w.org\/{rel}","templated":true}]}}