{"id":561466,"date":"2025-11-27T04:23:22","date_gmt":"2025-11-27T04:23:22","guid":{"rendered":"https:\/\/www.europesays.com\/fr\/561466\/"},"modified":"2025-11-27T04:23:22","modified_gmt":"2025-11-27T04:23:22","slug":"luxembourg-art-week-une-certaine-idee-de-leurope","status":"publish","type":"post","link":"https:\/\/www.europesays.com\/fr\/561466\/","title":{"rendered":"Luxembourg Art Week, une certaine id\u00e9e de l\u2019Europe"},"content":{"rendered":"<p>La foire-boutique, qui vient de tenir sa 11e \u00e9dition, s\u2019appuie sur la sc\u00e8ne transfrontali\u00e8re pour r\u00e9v\u00e9ler un nouveau bassin de collectionneurs.<\/p>\n<p>Du 21 au 23 novembre, la 11e Luxembourg Art Week a r\u00e9uni 77 galeries, dont 22 nouvelles. Petit pays, le Grand-duch\u00e9 a la particularit\u00e9 d\u2019accueillir \u00e0 la LAW 14 galeries luxembourgeoises, et une majorit\u00e9 d\u2019\u00e9trang\u00e8res, de 15 pays diff\u00e9rents, dont 23 fran\u00e7aises, 20 belges, 11 allemandes (et deux non-occidentales\u00a0: no\/mad utopia, de Beyrouth, AA Gallery, de Casablanca).<\/p>\n<p>\u00c0 l&rsquo;\u00e9coute de la Grande R\u00e9gion<\/p>\n<p>\u00ab\u00a0La foire finance son budget d\u2019un million et demi d&rsquo;euros avec les stands, ses partenaires, banques, cabinets fiduciaires et d\u2019investissements luxembourgeois et belges, comme Arendt, Midas, BGL BNP Paribas, Delen\u2026, et la billetterie\u00a0\u00bb, pr\u00e9cise\u00a0M\u00e9lanie de Jamblinne, directrice depuis mars 2025. Cette ann\u00e9e, des dates plus tardives ont \u00e9vit\u00e9 le chevauchement avec Paris Photo ou Art Cologne. \u00ab\u00a0Notre aire de jeu correspond \u00e0 la Grande R\u00e9gion\u00a0: Sarre, Rh\u00e9nanie, Wallonie, Bruxelles, Flandre, Grand Est et Nord de la France, et nous relie \u00e0 des institutions comme la Kunsthalle de Tr\u00e8ves, l&rsquo;ENSAD-Nancy, qui organise sur son stand la rencontre entre 4 jeunes artistes dipl\u00f4m\u00e9s et le march\u00e9, l&rsquo;Institut fran\u00e7ais de Luxembourg, ou la Fondation Boghossian \u00e0 Bruxelles. \u00c0 l\u2019avenir, nous visons des groupes de VIP et de collectionneurs hors-Europe.\u00a0\u00bb Enfin, la ville de Luxembourg a\u2026<\/p>\n","protected":false},"excerpt":{"rendered":"La foire-boutique, qui vient de tenir sa 11e \u00e9dition, s\u2019appuie sur la sc\u00e8ne transfrontali\u00e8re pour r\u00e9v\u00e9ler un nouveau&hellip;\n","protected":false},"author":2,"featured_media":561467,"comment_status":"","ping_status":"","sticky":false,"template":"","format":"standard","meta":{"footnotes":""},"categories":[1586],"tags":[11,1777,674,8181,1011,27,15831,67804,12,25],"class_list":{"0":"post-561466","1":"post","2":"type-post","3":"status-publish","4":"format-standard","5":"has-post-thumbnail","7":"category-europe","8":"tag-actualites","9":"tag-eu","10":"tag-europe","11":"tag-foires","12":"tag-fr","13":"tag-france","14":"tag-luxembourg","15":"tag-melanie-jamblinne-de-meux","16":"tag-news","17":"tag-republique-francaise"},"share_on_mastodon":{"url":"https:\/\/pubeurope.com\/@fr\/115619758323073833","error":""},"_links":{"self":[{"href":"https:\/\/www.europesays.com\/fr\/wp-json\/wp\/v2\/posts\/561466","targetHints":{"allow":["GET"]}}],"collection":[{"href":"https:\/\/www.europesays.com\/fr\/wp-json\/wp\/v2\/posts"}],"about":[{"href":"https:\/\/www.europesays.com\/fr\/wp-json\/wp\/v2\/types\/post"}],"author":[{"embeddable":true,"href":"https:\/\/www.europesays.com\/fr\/wp-json\/wp\/v2\/users\/2"}],"replies":[{"embeddable":true,"href":"https:\/\/www.europesays.com\/fr\/wp-json\/wp\/v2\/comments?post=561466"}],"version-history":[{"count":0,"href":"https:\/\/www.europesays.com\/fr\/wp-json\/wp\/v2\/posts\/561466\/revisions"}],"wp:featuredmedia":[{"embeddable":true,"href":"https:\/\/www.europesays.com\/fr\/wp-json\/wp\/v2\/media\/561467"}],"wp:attachment":[{"href":"https:\/\/www.europesays.com\/fr\/wp-json\/wp\/v2\/media?parent=561466"}],"wp:term":[{"taxonomy":"category","embeddable":true,"href":"https:\/\/www.europesays.com\/fr\/wp-json\/wp\/v2\/categories?post=561466"},{"taxonomy":"post_tag","embeddable":true,"href":"https:\/\/www.europesays.com\/fr\/wp-json\/wp\/v2\/tags?post=561466"}],"curies":[{"name":"wp","href":"https:\/\/api.w.org\/{rel}","templated":true}]}}