{"id":561468,"date":"2025-11-27T04:24:30","date_gmt":"2025-11-27T04:24:30","guid":{"rendered":"https:\/\/www.europesays.com\/fr\/561468\/"},"modified":"2025-11-27T04:24:30","modified_gmt":"2025-11-27T04:24:30","slug":"les-participants-au-7eme-sommet-ua-ue-reaffirment-leur-engagement-en-faveur-du-droit-des-peuples-a-lautodetermination","status":"publish","type":"post","link":"https:\/\/www.europesays.com\/fr\/561468\/","title":{"rendered":"Les participants au 7\u00e8me Sommet\u00a0\u00a0UA-UE r\u00e9affirment leur engagement en faveur du droit des peuples \u00e0 l&rsquo;autod\u00e9termination"},"content":{"rendered":"<p>\u00a0<\/p>\n<p>\u00a0<\/p>\n<p><strong style=\"font-size: 1rem; -webkit-text-size-adjust: 100%;\">Luanda<\/strong>, 26 nov 2025 (SPS) La d\u00e9claration finale du 7e Sommet de coop\u00e9ration et de partenariat entre l&rsquo;Union africaine (UA) et l&rsquo;Union europ\u00e9enne (UE), tenu les 24 et 25 novembre courant \u00e0 Luanda (Angola), met l&rsquo;accent sur la n\u00e9cessit\u00e9 de renforcer l&rsquo;engagement collectif en faveur du droit des peuples \u00e0 l&rsquo;autod\u00e9termination et de la r\u00e9solution pacifique des conflits ainsi que le respect des libert\u00e9s.<\/p>\n<p>La D\u00e9claration d\u00e9fend les libert\u00e9s fondamentales et l&rsquo;\u00e9galit\u00e9 des genres insistant sur la n\u00e9cessit\u00e9 d&rsquo;appuyer les efforts consentis pour lutter contre toutes les formes de s\u00e9gr\u00e9gation, d&rsquo;exclusion et de violence.<\/p>\n<p>Elle recommande une plus grande implication dans la d\u00e9fense des droits des femmes, des jeunes et des enfants et un engagement concret pour mettre un terme aux conflits arm\u00e9s.<\/p>\n<p>Le document plaide, par ailleurs, pour la r\u00e9forme des institutions internationales afin de faire face aux d\u00e9fis mondiaux, r\u00e9gionaux et nationaux de fa\u00e7on collective, appelant \u00e9galement \u00e0 l&rsquo;application des principes de l&rsquo;Organisation des Nations unies dont ceux relatifs au respect de la souverainet\u00e9 des nations et au droit \u00e0 l&rsquo;autod\u00e9termination.<\/p>\n<p>Les signataires de la d\u00e9claration ont fait part de leur profonde pr\u00e9occupation concernant les d\u00e9fis humanitaires actuels et les violences commises contre les travailleurs humanitaires et les civils. Ils ont exprim\u00e9 leur inqui\u00e9tude concernant les difficult\u00e9s qui se dressent face \u00e0 l&rsquo;acheminement des aides humanitaires destin\u00e9es aux populations qui en ont besoin.\u00a0<\/p>\n<p>Ils se sont dits dispos\u00e9s \u00e0 agir pour l&rsquo;am\u00e9lioration de la situation humanitaire sur le continent africain et \u00e0 soutenir les dispositifs de protection des r\u00e9fugi\u00e9s, des migrants, des d\u00e9plac\u00e9s ainsi que des communaut\u00e9s d&rsquo;accueil.<\/p>\n<p>Les participants ont fait part de leur volont\u00e9 de participer \u00e0 la mise en \u0153uvre de la \u00ab\u00a0Vision commune pour 2030\u00a0\u00bb (Joint vision 2030), un cadre strat\u00e9gique visant \u00e0 renforcer la coop\u00e9ration entre l&rsquo;Afrique et l&rsquo;Europe, adopt\u00e9 lors du sommet pr\u00e9c\u00e9dent. (SPS)<\/p>\n<p>\u00a0<\/p>\n","protected":false},"excerpt":{"rendered":"\u00a0 \u00a0 Luanda, 26 nov 2025 (SPS) La d\u00e9claration finale du 7e Sommet de coop\u00e9ration et de partenariat&hellip;\n","protected":false},"author":2,"featured_media":561469,"comment_status":"","ping_status":"","sticky":false,"template":"","format":"standard","meta":{"footnotes":""},"categories":[1586],"tags":[11,1777,674,1779,1011,27,12,25,1778,364],"class_list":{"0":"post-561468","1":"post","2":"type-post","3":"status-publish","4":"format-standard","5":"has-post-thumbnail","7":"category-europe","8":"tag-actualites","9":"tag-eu","10":"tag-europe","11":"tag-european-union","12":"tag-fr","13":"tag-france","14":"tag-news","15":"tag-republique-francaise","16":"tag-ue","17":"tag-union-europeenne"},"share_on_mastodon":{"url":"https:\/\/pubeurope.com\/@fr\/115619762370971099","error":""},"_links":{"self":[{"href":"https:\/\/www.europesays.com\/fr\/wp-json\/wp\/v2\/posts\/561468","targetHints":{"allow":["GET"]}}],"collection":[{"href":"https:\/\/www.europesays.com\/fr\/wp-json\/wp\/v2\/posts"}],"about":[{"href":"https:\/\/www.europesays.com\/fr\/wp-json\/wp\/v2\/types\/post"}],"author":[{"embeddable":true,"href":"https:\/\/www.europesays.com\/fr\/wp-json\/wp\/v2\/users\/2"}],"replies":[{"embeddable":true,"href":"https:\/\/www.europesays.com\/fr\/wp-json\/wp\/v2\/comments?post=561468"}],"version-history":[{"count":0,"href":"https:\/\/www.europesays.com\/fr\/wp-json\/wp\/v2\/posts\/561468\/revisions"}],"wp:featuredmedia":[{"embeddable":true,"href":"https:\/\/www.europesays.com\/fr\/wp-json\/wp\/v2\/media\/561469"}],"wp:attachment":[{"href":"https:\/\/www.europesays.com\/fr\/wp-json\/wp\/v2\/media?parent=561468"}],"wp:term":[{"taxonomy":"category","embeddable":true,"href":"https:\/\/www.europesays.com\/fr\/wp-json\/wp\/v2\/categories?post=561468"},{"taxonomy":"post_tag","embeddable":true,"href":"https:\/\/www.europesays.com\/fr\/wp-json\/wp\/v2\/tags?post=561468"}],"curies":[{"name":"wp","href":"https:\/\/api.w.org\/{rel}","templated":true}]}}