{"id":561470,"date":"2025-11-27T04:25:12","date_gmt":"2025-11-27T04:25:12","guid":{"rendered":"https:\/\/www.europesays.com\/fr\/561470\/"},"modified":"2025-11-27T04:25:12","modified_gmt":"2025-11-27T04:25:12","slug":"lex-belle-soeur-de-karoline-leavitt-detenue-par-lice-malaise-a-la-maison-blanche","status":"publish","type":"post","link":"https:\/\/www.europesays.com\/fr\/561470\/","title":{"rendered":"L\u2019ex-belle-s\u0153ur de Karoline Leavitt d\u00e9tenue par l\u2019ICE, malaise \u00e0 la Maison-Blanche"},"content":{"rendered":"<p>L\u2019arrestation par l\u2019ICE de Bruna Caroline Ferreira, ex-fianc\u00e9e du fr\u00e8re de la porte-parole de la Maison-Blanche <a href=\"https:\/\/www.20minutes.fr\/monde\/etats-unis\/4136011-20250129-etats-unis-karoline-leavitt-porte-parole-gen-z-trump-entre-scene\" target=\"_blank\" class=\"c-link c-link--is-underlined\" rel=\"noopener\">Karoline Leavitt<\/a>, cr\u00e9e l\u2019embarras au sein de l\u2019administration. L\u2019affaire a \u00e9t\u00e9 r\u00e9v\u00e9l\u00e9e par <a href=\"https:\/\/www.cnn.com\/2025\/11\/26\/politics\/ice-karoline-leavitt-family-detained\" rel=\"nofollow noopener\" target=\"_blank\" class=\"c-link c-link--is-underlined\">CNN<\/a> avant d\u2019\u00eatre confirm\u00e9e par <a href=\"https:\/\/www.usatoday.com\/story\/news\/politics\/2025\/11\/26\/white-house-press-secretary-karoline-leavitts-relative-ice-custody\/87480385007\/\" rel=\"nofollow noopener\" target=\"_blank\" class=\"c-link c-link--is-underlined\">USA Today<\/a>, qui a recueilli les d\u00e9tails aupr\u00e8s de l\u2019avocat de la jeune femme. Ferreira, 33 ans, a \u00e9t\u00e9 interpell\u00e9e le 12\u00a0novembre \u00e0 Revere, dans le Massachusetts, alors qu\u2019elle se rendait \u00e0 l\u2019\u00e9cole de son fils dans le New Hampshire.<\/p>\n<p>Arriv\u00e9e du <a href=\"https:\/\/www.20minutes.fr\/dossier\/bresil\" target=\"_blank\" class=\"c-link c-link--is-underlined\" rel=\"noopener\">Br\u00e9sil<\/a> en\u00a01998 lorsqu\u2019elle \u00e9tait enfant, Bruna Caroline Ferreira aurait d\u00e9pass\u00e9 la dur\u00e9e de son visa, selon la S\u00e9curit\u00e9 int\u00e9rieure, qui la d\u00e9crit comme une <a href=\"https:\/\/www.20minutes.fr\/monde\/immigres\/\" target=\"_blank\" class=\"c-link c-link--is-underlined\" rel=\"noopener\">immigr\u00e9e<\/a> \u00ab\u00a0en situation irr\u00e9guli\u00e8re\u00a0\u00bb. Son avocat conteste cette pr\u00e9sentation et assure que la jeune femme suivait normalement la proc\u00e9dure d\u2019obtention d\u2019une carte verte (le visa de r\u00e9sident permanent), dont l\u2019entretien final devait avoir lieu au printemps. Il estime que sa cliente n\u2019enfreignait aucune loi et qu\u2019aucun \u00e9l\u00e9ment ne justifiait une d\u00e9tention.<\/p>\n<p>Des relations inexistantes avec Karoline Leavitt<\/p>\n<p>La situation est d\u2019autant plus sensible que Bruna Caroline Ferreira a eu un enfant, aujourd\u2019hui \u00e2g\u00e9 de 11 ans, avec Michael Leavitt, le fr\u00e8re a\u00een\u00e9 de la porte-parole. Si l\u2019avocat d\u00e9crit une garde partag\u00e9e, une source proche de la famille affirme de son c\u00f4t\u00e9 que l\u2019enfant a toujours v\u00e9cu en permanence chez son p\u00e8re. Les relations entre Bruna Caroline Ferreira et Karoline Leavitt seraient inexistantes depuis plusieurs ann\u00e9es.<\/p>\n<\/p>\n<p>Bruna Caroline Ferreira est d\u00e9sormais incarc\u00e9r\u00e9e dans un centre de l\u2019ICE en <a href=\"https:\/\/www.20minutes.fr\/dossier\/louisiane\" target=\"_blank\" class=\"c-link c-link--is-underlined\" rel=\"noopener\">Louisiane<\/a>, dans un contexte de forte hausse des d\u00e9tentions migratoires sous l\u2019administration Trump. Selon l\u2019American Immigration Council, ces arrestations ont bondi de 50\u00a0% en moins d\u2019un an, poussant de nombreux centres au-del\u00e0 de leurs capacit\u00e9s. Son avocat dit craindre qu\u2019elle ne soit pas lib\u00e9r\u00e9e avant les f\u00eates malgr\u00e9 l\u2019absence, selon lui, de risque ou de motif s\u00e9rieux.<\/p>\n<p>Pourrait-il y avoir une intervention de Trump\u00a0?<\/p>\n<p>Face \u00e0 cette situation, la s\u0153ur de la d\u00e9tenue a lanc\u00e9 une collecte GoFundMe, qui a d\u00e9pass\u00e9 les 17.000 dollars le 26\u00a0novembre au matin. La famille y d\u00e9crit \u00e9galement un enfant tr\u00e8s affect\u00e9 par l\u2019absence de sa m\u00e8re et qui esp\u00e8re son retour pour les f\u00eates.<\/p>\n<p><a href=\"https:\/\/www.20minutes.fr\/monde\/etats-unis\/\" target=\"_blank\" class=\"c-link c-btn c-btn--primary\" rel=\"noopener\">Notre dossier sur les Etats-Unis<\/a><\/p>\n<p>L\u2019avocat indique enfin qu\u2019une intervention pr\u00e9sidentielle pourrait acc\u00e9l\u00e9rer la remise en libert\u00e9 de sa cliente. Il esp\u00e8re que Karoline Leavitt puisse peser dans cette d\u00e9cision, m\u00eame si la porte-parole n\u2019a pour l\u2019heure pas souhait\u00e9 r\u00e9pondre aux questions de USA Today et d\u2019autres m\u00e9dias am\u00e9ricains.<\/p>\n","protected":false},"excerpt":{"rendered":"L\u2019arrestation par l\u2019ICE de Bruna Caroline Ferreira, ex-fianc\u00e9e du fr\u00e8re de la porte-parole de la Maison-Blanche Karoline Leavitt,&hellip;\n","protected":false},"author":2,"featured_media":561471,"comment_status":"","ping_status":"","sticky":false,"template":"","format":"standard","meta":{"footnotes":""},"categories":[2],"tags":[47,11,2548,73,1011,27,1061,6734,78,74,12,25],"class_list":{"0":"post-561470","1":"post","2":"type-post","3":"status-publish","4":"format-standard","5":"has-post-thumbnail","7":"category-actualites","8":"tag-actualite","9":"tag-actualites","10":"tag-bresil","11":"tag-etats-unis","12":"tag-fr","13":"tag-france","14":"tag-immigration","15":"tag-immigration-clandestine","16":"tag-maison-blanche","17":"tag-monde","18":"tag-news","19":"tag-republique-francaise"},"share_on_mastodon":{"url":"https:\/\/pubeurope.com\/@fr\/115619766213903331","error":""},"_links":{"self":[{"href":"https:\/\/www.europesays.com\/fr\/wp-json\/wp\/v2\/posts\/561470","targetHints":{"allow":["GET"]}}],"collection":[{"href":"https:\/\/www.europesays.com\/fr\/wp-json\/wp\/v2\/posts"}],"about":[{"href":"https:\/\/www.europesays.com\/fr\/wp-json\/wp\/v2\/types\/post"}],"author":[{"embeddable":true,"href":"https:\/\/www.europesays.com\/fr\/wp-json\/wp\/v2\/users\/2"}],"replies":[{"embeddable":true,"href":"https:\/\/www.europesays.com\/fr\/wp-json\/wp\/v2\/comments?post=561470"}],"version-history":[{"count":0,"href":"https:\/\/www.europesays.com\/fr\/wp-json\/wp\/v2\/posts\/561470\/revisions"}],"wp:featuredmedia":[{"embeddable":true,"href":"https:\/\/www.europesays.com\/fr\/wp-json\/wp\/v2\/media\/561471"}],"wp:attachment":[{"href":"https:\/\/www.europesays.com\/fr\/wp-json\/wp\/v2\/media?parent=561470"}],"wp:term":[{"taxonomy":"category","embeddable":true,"href":"https:\/\/www.europesays.com\/fr\/wp-json\/wp\/v2\/categories?post=561470"},{"taxonomy":"post_tag","embeddable":true,"href":"https:\/\/www.europesays.com\/fr\/wp-json\/wp\/v2\/tags?post=561470"}],"curies":[{"name":"wp","href":"https:\/\/api.w.org\/{rel}","templated":true}]}}