{"id":561478,"date":"2025-11-27T04:36:31","date_gmt":"2025-11-27T04:36:31","guid":{"rendered":"https:\/\/www.europesays.com\/fr\/561478\/"},"modified":"2025-11-27T04:36:31","modified_gmt":"2025-11-27T04:36:31","slug":"megamo-vosges-team-leffectif-2026-actualite","status":"publish","type":"post","link":"https:\/\/www.europesays.com\/fr\/561478\/","title":{"rendered":"Megamo Vosges Team : L&rsquo;effectif 2026 &#8211; Actualit\u00e9"},"content":{"rendered":"<p style=\"text-align: justify;\">Megamo Vosges Team aura un effectif de onze \u00e9l\u00e9ments, ainsi que cinq r\u00e9servistes pour 2026. La N1 Femmes envoie Sol\u00e8ne Muller chez les pros, et accueille sept recrues pour la saison \u00e0 venir. La structure du Grand Est a termin\u00e9 2e au classement de la Coupe de France, et 3e au Challenge DirectVelo.<\/p>\n<p><strong>L&rsquo;effectif 2026 de Megamo Vosges Team :<\/strong><br \/>Charlotte Allard, 23 ans<br \/>El\u00e9na Amann, 17 ans (VC Eckwersheim)<br \/>Ma\u00efna Bessi\u00e8re, 19 ans (Team Praz-sur-Arly-Haute Savoie)<br \/>Camille Boursier, 33 ans<br \/>Emilie Brette, 22 ans (OC Gif VTT)<br \/>Wendy Bunea, 19 ans (VC Roannais)<br \/>Sophie De Muynck, 26 ans<br \/>Coralie Houde, 21 ans (Chamb\u00e9ry Cyclisme Comp\u00e9tition)<br \/>Soline Mourgues, 19 ans<br \/>Grace Reynolds, 24 ans (Smurfit Westrock Cycling)<br \/>Juliette Verdier, 18 ans (Team Centre-Val de Loire)<\/p>\n<p>R\u00e9serve :<br \/>Pierrine Blaison, 30 ans<br \/>Rapha\u00eblle Houde, 18 ans (Espoirs Quilicot)<br \/>Julie Langlois, 30 ans<br \/>Flavie Poncet, 19 ans<br \/>Margaux Weitmann, 20 ans<\/p>\n<p>Les principaux d\u00e9parts : Sol\u00e8ne Muller (St-Michel-Preference Home-Auber 93), Salom\u00e9e Lambert.<\/p>\n","protected":false},"excerpt":{"rendered":"Megamo Vosges Team aura un effectif de onze \u00e9l\u00e9ments, ainsi que cinq r\u00e9servistes pour 2026. La N1 Femmes&hellip;\n","protected":false},"author":2,"featured_media":561479,"comment_status":"","ping_status":"","sticky":false,"template":"","format":"standard","meta":{"footnotes":""},"categories":[1411],"tags":[834,828,836,829,837,827,83,826,824,823,1154,207,814,817,815,816,822,821,832,211,839,1011,27,820,818,819,835,831,830,833,838,60,212,208,825],"class_list":{"0":"post-561478","1":"post","2":"type-post","3":"status-publish","4":"format-standard","5":"has-post-thumbnail","7":"category-cyclisme","8":"tag-attaque","9":"tag-belgique","10":"tag-braquet","11":"tag-bretagne","12":"tag-chute","13":"tag-competition","14":"tag-coupe-de-france","15":"tag-coureur","16":"tag-course-cyclisme","17":"tag-course-cycliste","18":"tag-cycling","19":"tag-cyclisme","20":"tag-direct","21":"tag-direct-velo","22":"tag-directvelo","23":"tag-directvelo-com","24":"tag-epreuve","25":"tag-epreuve-cycliste","26":"tag-federation-francaise-de-cyclisme","27":"tag-ffc","28":"tag-flandres","29":"tag-fr","30":"tag-france","31":"tag-live","32":"tag-live-course","33":"tag-live-epreuve","34":"tag-peloton","35":"tag-radio-peloton","36":"tag-radio-tour","37":"tag-ravitaillement","38":"tag-relance","39":"tag-sports","40":"tag-uci","41":"tag-velo","42":"tag-velos"},"share_on_mastodon":{"url":"https:\/\/pubeurope.com\/@fr\/115619809500057815","error":""},"_links":{"self":[{"href":"https:\/\/www.europesays.com\/fr\/wp-json\/wp\/v2\/posts\/561478","targetHints":{"allow":["GET"]}}],"collection":[{"href":"https:\/\/www.europesays.com\/fr\/wp-json\/wp\/v2\/posts"}],"about":[{"href":"https:\/\/www.europesays.com\/fr\/wp-json\/wp\/v2\/types\/post"}],"author":[{"embeddable":true,"href":"https:\/\/www.europesays.com\/fr\/wp-json\/wp\/v2\/users\/2"}],"replies":[{"embeddable":true,"href":"https:\/\/www.europesays.com\/fr\/wp-json\/wp\/v2\/comments?post=561478"}],"version-history":[{"count":0,"href":"https:\/\/www.europesays.com\/fr\/wp-json\/wp\/v2\/posts\/561478\/revisions"}],"wp:featuredmedia":[{"embeddable":true,"href":"https:\/\/www.europesays.com\/fr\/wp-json\/wp\/v2\/media\/561479"}],"wp:attachment":[{"href":"https:\/\/www.europesays.com\/fr\/wp-json\/wp\/v2\/media?parent=561478"}],"wp:term":[{"taxonomy":"category","embeddable":true,"href":"https:\/\/www.europesays.com\/fr\/wp-json\/wp\/v2\/categories?post=561478"},{"taxonomy":"post_tag","embeddable":true,"href":"https:\/\/www.europesays.com\/fr\/wp-json\/wp\/v2\/tags?post=561478"}],"curies":[{"name":"wp","href":"https:\/\/api.w.org\/{rel}","templated":true}]}}