{"id":561480,"date":"2025-11-27T04:37:14","date_gmt":"2025-11-27T04:37:14","guid":{"rendered":"https:\/\/www.europesays.com\/fr\/561480\/"},"modified":"2025-11-27T04:37:14","modified_gmt":"2025-11-27T04:37:14","slug":"jai-essaye-de-redonner-la-confiance-du-coach","status":"publish","type":"post","link":"https:\/\/www.europesays.com\/fr\/561480\/","title":{"rendered":"J&rsquo;ai essay\u00e9 de redonner la confiance du coach"},"content":{"rendered":"<p><img width=\"700\" height=\"350\" src=\"https:\/\/www.europesays.com\/fr\/wp-content\/uploads\/2025\/11\/Quentin-Ndjantou.jpg\" class=\"attachment-jannah-image-post size-jannah-image-post wp-post-image\" alt=\"Quentin Ndjantou\" is_main_img=\"1\" decoding=\"async\" fetchpriority=\"high\"  \/><br \/>\n Image :<br \/>\nPSG.fr<\/p>\n<p>Ce mercredi soir, le PSG s\u2019est impos\u00e9 contre Tottenham dans<br \/>\nun match fou (5-3). Quentin Ndjantou \u00e9tait titulaire et a tent\u00e9<br \/>\nd\u2019apporter sa pierre \u00e0 l\u2019\u00e9difice.<\/p>\n<p>Ce mercredi soir, <strong>Luis Enrique<\/strong> avait d\u00e9cid\u00e9 de<br \/>\ntitulariser <strong>Quentin Ndjantou<\/strong> en pointe contre<br \/>\n<strong>Tottenham<\/strong> lors de la cinqui\u00e8me journ\u00e9e de la phase<br \/>\nde ligue de la <strong>Ligue des champions<\/strong>. Le titi<br \/>\nparisien a tent\u00e9 de proposer des solutions \u00e0 ses partenaires mais a<br \/>\neu du mal face \u00e0 une d\u00e9fense tr\u00e8s basse des <strong>Spurs<\/strong>.<br \/>\nAu micro de <a href=\"https:\/\/x.com\/CanalplusFoot\" target=\"_blank\" rel=\"noopener\" title=\"\">Canal Plus<\/a>,<br \/>\n<strong>Quentin Ndjantou<\/strong> est revenu sur sa titularisation<br \/>\nlors de la victoire du <strong>PSG<\/strong> contre<br \/>\n<strong>Tottenham<\/strong> <a href=\"https:\/\/canal-supporters.com\/ldc-porte-par-un-vitinha-heroique-le-psg-simpose-face-a-tottenham-5-3\/\" title=\"\" target=\"_blank\" rel=\"noopener\">(5-3)<\/a>.<\/p>\n<p><a href=\"https:\/\/x.com\/CanalSupporters\" target=\"_blank\" rel=\"noopener\" title=\"\">canalsupporters.com<\/a><\/p>\n<p>\u00ab\u00a0\u00c7a montre<br \/>\nque le coach voit mes efforts \u00e0 l\u2019entra\u00eenement\u00a0\u00bb<\/p>\n<p>\u00ab\u00a0Surpris d\u2019\u00eatre titulaire ce soir ? Non, franchement,<br \/>\nje n\u2019\u00e9tais pas surpris mais j\u2019avais h\u00e2te de commencer ce match.<br \/>\nSurtout, \u00e7a montre que le coach voit mes efforts \u00e0 l\u2019entra\u00eenement.<br \/>\nC\u2019est s\u00fbr que je suis tr\u00e8s content d\u2019avoir commenc\u00e9 <a href=\"https:\/\/canal-supporters.com\/vitinha-je-me-sens-heureux-content\/\" title=\"\" target=\"_blank\" rel=\"noopener\">ce match<\/a>. Sur le terrain, j\u2019ai essay\u00e9 de redonner la<br \/>\nconfiance que le coach m\u2019avait donn\u00e9e, tout simplement.<br \/>\nCommencer en pointe, une surprise ? J\u2019ai toujours \u00e9volu\u00e9 \u00e0 ce<br \/>\nposte-l\u00e0. C\u2019est le poste o\u00f9 j\u2019ai commenc\u00e9 le foot. Donc pour moi,<br \/>\nce n\u2019\u00e9tait pas une nouveaut\u00e9. J\u2019ai retrouv\u00e9 ce poste aujourd\u2019hui,<br \/>\nc\u2019est s\u00fbr que je suis tr\u00e8s content parce que je sais que je suis un<br \/>\njoueur polyvalent. Le coach a utilis\u00e9 \u00e7a pour me faire marcher dans<br \/>\ncette \u00e9quipe.\u00a0\u00bb<\/p>\n","protected":false},"excerpt":{"rendered":"Image : PSG.fr Ce mercredi soir, le PSG s\u2019est impos\u00e9 contre Tottenham dans un match fou (5-3). Quentin&hellip;\n","protected":false},"author":2,"featured_media":561481,"comment_status":"","ping_status":"","sticky":false,"template":"","format":"standard","meta":{"footnotes":""},"categories":[1410],"tags":[67808,786,81,448,67809,787,4479,63,1011,27,789,447,921,55243,626,91,92,93,45027,39213,45028,60,1616,1617,1618,1619,795,796,96],"class_list":{"0":"post-561480","1":"post","2":"type-post","3":"status-publish","4":"format-standard","5":"has-post-thumbnail","7":"category-football","8":"tag-5e-journee-phase-de-ligue","9":"tag-c1","10":"tag-canal-supporters","11":"tag-champions-league","12":"tag-cinquieme-journee-phase-de-ligue","13":"tag-cs","14":"tag-enrique","15":"tag-football","16":"tag-fr","17":"tag-france","18":"tag-ldc","19":"tag-ligue-des-champions","20":"tag-luis-enrique","21":"tag-ndjantou","22":"tag-paris","23":"tag-paris-saint-germain","24":"tag-paris-sg","25":"tag-psg","26":"tag-psg-tot","27":"tag-psg-tottenham","28":"tag-psgtot","29":"tag-sports","30":"tag-titis","31":"tag-titis-du-psg","32":"tag-titis-parisiens","33":"tag-titis-psg","34":"tag-ucl","35":"tag-uefa-champions-league","36":"tag-une"},"share_on_mastodon":{"url":"https:\/\/pubeurope.com\/@fr\/115619814201237585","error":""},"_links":{"self":[{"href":"https:\/\/www.europesays.com\/fr\/wp-json\/wp\/v2\/posts\/561480","targetHints":{"allow":["GET"]}}],"collection":[{"href":"https:\/\/www.europesays.com\/fr\/wp-json\/wp\/v2\/posts"}],"about":[{"href":"https:\/\/www.europesays.com\/fr\/wp-json\/wp\/v2\/types\/post"}],"author":[{"embeddable":true,"href":"https:\/\/www.europesays.com\/fr\/wp-json\/wp\/v2\/users\/2"}],"replies":[{"embeddable":true,"href":"https:\/\/www.europesays.com\/fr\/wp-json\/wp\/v2\/comments?post=561480"}],"version-history":[{"count":0,"href":"https:\/\/www.europesays.com\/fr\/wp-json\/wp\/v2\/posts\/561480\/revisions"}],"wp:featuredmedia":[{"embeddable":true,"href":"https:\/\/www.europesays.com\/fr\/wp-json\/wp\/v2\/media\/561481"}],"wp:attachment":[{"href":"https:\/\/www.europesays.com\/fr\/wp-json\/wp\/v2\/media?parent=561480"}],"wp:term":[{"taxonomy":"category","embeddable":true,"href":"https:\/\/www.europesays.com\/fr\/wp-json\/wp\/v2\/categories?post=561480"},{"taxonomy":"post_tag","embeddable":true,"href":"https:\/\/www.europesays.com\/fr\/wp-json\/wp\/v2\/tags?post=561480"}],"curies":[{"name":"wp","href":"https:\/\/api.w.org\/{rel}","templated":true}]}}