{"id":561484,"date":"2025-11-27T04:39:23","date_gmt":"2025-11-27T04:39:23","guid":{"rendered":"https:\/\/www.europesays.com\/fr\/561484\/"},"modified":"2025-11-27T04:39:23","modified_gmt":"2025-11-27T04:39:23","slug":"entretien-du-louvre-abou-dabi-jusquen-sarthe-le-parcours-singulier-de-la-nouvelle-directrice","status":"publish","type":"post","link":"https:\/\/www.europesays.com\/fr\/561484\/","title":{"rendered":"ENTRETIEN. Du Louvre Abou Dabi jusqu\u2019en Sarthe, le parcours singulier de la nouvelle directrice"},"content":{"rendered":"<tr wp_automatic_readability=\"6.8839779005525\">\n<td valign=\"middle\" align=\"center\" class=\"col-logo\" wp_automatic_readability=\"5\">\n    <img decoding=\"async\" src=\"https:\/\/maville.com\/design\/images\/logo-of-monetise.svg?version=20130627\" alt=\"logo Ouest-France\" height=\"66\"\/><\/p>\n<p>Contenu r\u00e9serv\u00e9 aux abonn\u00e9s<\/p>\n<\/td>\n<td class=\"col-titre\">\n\t\t\tMardi 25 novembre 2025 19:31<br \/>\n\t\t\t<a class=\"icon-bulle sizeL count\" href=\"#ancreAvis\"><br \/>\n\t&#8230;<br \/>\n<\/a><\/td>\n<\/tr>\n<p>\t\t<a class=\"mavillebox2 elmt-photo\" href=\"https:\/\/maville.com\/photosmvi\/2025\/11\/25\/P35602172D7080237G.jpg\" title=\" Manon Six, directrice des mus\u00e9es du Mans depuis septembre\u00a02025, attir\u00e9e par la politique culturelle du Mans.  \u00a9  Ouest-France  \" rel=\"galerie_actu noopener\" target=\"_blank\"><br \/>\n\t<img decoding=\"async\" src=\"https:\/\/www.europesays.com\/fr\/wp-content\/uploads\/2025\/11\/P35602172D7080237G_crop_640-330_.jpg\" alt=\"photo  manon six, directrice des mus\u00e9es du mans depuis septembre\u00a02025, attir\u00e9e par la politique culturelle du mans.  \u00a9  ouest-france \"\/><br \/>\n\t1<br \/>\n<\/a><\/p>\n<p class=\"elmt-legende\"> Manon Six, directrice des mus\u00e9es du Mans depuis septembre\u00a02025, attir\u00e9e par la politique culturelle du Mans.  \u00a9  Ouest-France  <\/p>\n<p>\t\tC\u2019est la politique culturelle du Mans (Sarthe) qui a attir\u00e9 la conservatrice du mus\u00e9e de Bretagne ainsi que les projets de d\u00e9veloppement et restauration des mus\u00e9es de Ville. Manon Six a pris ses fonctions depuis septembre\u00a02025. Et s\u2019impr\u00e8gne encore des collections.<\/p>\n<p><b>Cet article est r\u00e9serv\u00e9 aux abonn\u00e9s<\/b><\/p>\n<p>Pour un acc\u00e8s imm\u00e9diat, abonnez-vous<\/p>\n<p><b>1\u00e8re semaine offerte<\/b><\/p>\n<p>\t\t Sophie DELAFONTAINE. \u00a0\u00a0<br \/>\n\t\tOuest-France<\/p>\n<p>Retrouvez d&rsquo;autres actus sur la commune de :<\/p>\n<p>\t\t&#13;<\/p>\n","protected":false},"excerpt":{"rendered":"Contenu r\u00e9serv\u00e9 aux abonn\u00e9s Mardi 25 novembre 2025 19:31 &#8230; 1 Manon Six, directrice des mus\u00e9es du Mans&hellip;\n","protected":false},"author":2,"featured_media":561485,"comment_status":"","ping_status":"","sticky":false,"template":"","format":"standard","meta":{"footnotes":""},"categories":[1358],"tags":[37154,1348,1384,1385,67810,1386,6042,58,59,2956,1011,27,2867,11274,2047,7107,2043,12618,25849,67811],"class_list":{"0":"post-561484","1":"post","2":"type-post","3":"status-publish","4":"format-standard","5":"has-post-thumbnail","7":"category-arts-et-design","8":"tag-abou","9":"tag-arts","10":"tag-arts-and-design","11":"tag-arts-et-design","12":"tag-dabi","13":"tag-design","14":"tag-directrice","15":"tag-divertissement","16":"tag-entertainment","17":"tag-entretien","18":"tag-fr","19":"tag-france","20":"tag-jusqu","21":"tag-louvre","22":"tag-mans","23":"tag-musees","24":"tag-nouvelle","25":"tag-parcours","26":"tag-sarthe","27":"tag-singulier"},"share_on_mastodon":{"url":"https:\/\/pubeurope.com\/@fr\/115619822000093212","error":""},"_links":{"self":[{"href":"https:\/\/www.europesays.com\/fr\/wp-json\/wp\/v2\/posts\/561484","targetHints":{"allow":["GET"]}}],"collection":[{"href":"https:\/\/www.europesays.com\/fr\/wp-json\/wp\/v2\/posts"}],"about":[{"href":"https:\/\/www.europesays.com\/fr\/wp-json\/wp\/v2\/types\/post"}],"author":[{"embeddable":true,"href":"https:\/\/www.europesays.com\/fr\/wp-json\/wp\/v2\/users\/2"}],"replies":[{"embeddable":true,"href":"https:\/\/www.europesays.com\/fr\/wp-json\/wp\/v2\/comments?post=561484"}],"version-history":[{"count":0,"href":"https:\/\/www.europesays.com\/fr\/wp-json\/wp\/v2\/posts\/561484\/revisions"}],"wp:featuredmedia":[{"embeddable":true,"href":"https:\/\/www.europesays.com\/fr\/wp-json\/wp\/v2\/media\/561485"}],"wp:attachment":[{"href":"https:\/\/www.europesays.com\/fr\/wp-json\/wp\/v2\/media?parent=561484"}],"wp:term":[{"taxonomy":"category","embeddable":true,"href":"https:\/\/www.europesays.com\/fr\/wp-json\/wp\/v2\/categories?post=561484"},{"taxonomy":"post_tag","embeddable":true,"href":"https:\/\/www.europesays.com\/fr\/wp-json\/wp\/v2\/tags?post=561484"}],"curies":[{"name":"wp","href":"https:\/\/api.w.org\/{rel}","templated":true}]}}