{"id":561486,"date":"2025-11-27T04:41:24","date_gmt":"2025-11-27T04:41:24","guid":{"rendered":"https:\/\/www.europesays.com\/fr\/561486\/"},"modified":"2025-11-27T04:41:24","modified_gmt":"2025-11-27T04:41:24","slug":"une-ancienne-eleve-de-la-star-academy-balance-sur-les-conditions-de-tournage-au-chateau","status":"publish","type":"post","link":"https:\/\/www.europesays.com\/fr\/561486\/","title":{"rendered":"Une ancienne \u00e9l\u00e8ve de la Star Academy balance sur les conditions de tournage au ch\u00e2teau"},"content":{"rendered":"<p>Ce mercredi 26 novembre, les anciens candidats embl\u00e9matiques de la Star Academy \u00e9taient r\u00e9unis \u00e0 l&rsquo;occasion d&rsquo;un live diffus\u00e9 sur la cha\u00eene Twitch de NRJ. L&rsquo;une des \u00e9l\u00e8ves a r\u00e9v\u00e9l\u00e9 que les interviews donn\u00e9es pour les quotidiennes se faisaient d\u00e9sormais \u00e0 l&rsquo;ext\u00e9rieur du ch\u00e2teau.<\/p>\n<p>En treize saisons, le ch\u00e2teau de Dammarie-l\u00e8s-Lys a vu d\u00e9filer de nombreux jeunes talents et a aussi connu de grands changements. Ce mercredi 26 novembre, les anciens de la Star Academy \u00e9taient d&rsquo;ailleurs r\u00e9unis dans un live diffus\u00e9 sur le compte Twitch de NRJ pour partager leurs diff\u00e9rentes exp\u00e9riences.<a href=\"https:\/\/www.programme-tv.net\/news\/tele-realite\/391740-jean-pascal-lacoste-star-academy-se-confie-sur-ses-retrouvailles-avec-georges-alain-dans-the-cerveau-ca-devait-faire-20-ans-qu-on-ne-s-etait-pas-vus\/\" data-api-deeplink=\"teleloisirs:\/\/news\/391740\" target=\"_blank\" rel=\"noopener\"> Jean-Pascal Lacoste et Georges-Alain <\/a>ont \u00e9voqu\u00e9 avec nostalgie les premi\u00e8res saisons, tandis que Anisha, Clara, Chris, Emma et Ulysse ont \u00e9chang\u00e9 sur leurs vies depuis la sortie de l&rsquo;aventure. Une autre acad\u00e9micienne, sortie il y a deux semaines, \u00e9tait aussi de la partie&#8230; Apr\u00e8s avoir fait le r\u00e9capitulatif de son aventure, elle a racont\u00e9 une anecdote \u00e9tonnante sur les interviews donn\u00e9es au ch\u00e2teau.<\/p>\n<p>Deux semaines apr\u00e8s avoir<a href=\"https:\/\/www.programme-tv.net\/news\/tv\/392723-leane-star-academy-revient-son-elimination-et-le-sacrifice-d-ema-ca-m-a-rendu-tres-triste\/\" data-api-deeplink=\"teleloisirs:\/\/news\/392723\" target=\"_blank\" rel=\"noopener\"> sacrifi\u00e9 sa place au ch\u00e2teau de la Star Academy<\/a> pour sauver L\u00e9ane, Ema \u00e9tait pr\u00e9sente dans le studio de NRJ pour un live Twitch aux c\u00f4t\u00e9s des anciens. Interrog\u00e9e sur les interviews donn\u00e9es par les \u00e9l\u00e8ves et diffus\u00e9es lors des quotidiennes du t\u00e9l\u00e9crochet, elle a r\u00e9v\u00e9l\u00e9 que les acad\u00e9miciens \u00e9taient oblig\u00e9s de sortir \u00e0 l&rsquo;ext\u00e9rieur du b\u00e2timent et d&rsquo;affronter le froid afin de r\u00e9pondre aux questions. L&rsquo;affirmation n&rsquo;a pas manqu\u00e9 d&rsquo;\u00e9tonner les anciens, qui ont confi\u00e9 que les entretiens face cam\u00e9ra se faisaient dans le grenier du ch\u00e2teau lors de leurs saisons respectives. \u00ab\u00a0<b>Mon ann\u00e9e, c&rsquo;est dehors. C&rsquo;est dans une salle annexe au ch\u00e2teau<\/b><b>\u00ab\u00a0<\/b>, a de nouveau affirm\u00e9 Ema, tandis que Clara n&rsquo;a pas cach\u00e9 son \u00e9tonnement : \u00ab\u00a0Vous alliez dehors pour faire des interviews le soir ?\u00a0\u00bb. Ema a expliqu\u00e9 qu&rsquo;elle n&rsquo;y allait pas toujours de bon coeur : \u00ab\u00a0<b>Oui, je p\u00e9tais des c\u00e2bles. Quand j&rsquo;avais les cheveux mouill\u00e9s et qu&rsquo;il fallait aller en interview&#8230; <\/b>J&rsquo;ai fait : &lsquo;\u00c7a y est!&rsquo;, j&rsquo;ai r\u00e2l\u00e9&#8230;\u00a0\u00bb, a-t-elle pr\u00e9cis\u00e9, avant de reprendre : \u00ab\u00a0On m&rsquo;a dit : &lsquo;Ce n&rsquo;est pas gentil&rsquo;. J&rsquo;ai pleur\u00e9 et j&rsquo;ai dit pardon\u00a0\u00bb. La d\u00e9cision de d\u00e9placer la salle d&rsquo;interviews des quotidiennes \u00e0 l&rsquo;ext\u00e9rieur du ch\u00e2teau aurait \u00e9t\u00e9 prise dans le but de prot\u00e9ger les \u00e9l\u00e8ves. D&rsquo;apr\u00e8s leurs explications sur le live, le grenier dans lequel les entretiens avaient lieu n&rsquo;\u00e9tait plus en assez bon \u00e9tat pour accueillir les acad\u00e9miciens.<\/p>\n<p>                        \u00ab\u00a0Ma meilleure amie m&rsquo;avait pr\u00e9venue\u00a0\u00bb : Ema (Star Academy) revient sur la haine qu&rsquo;elle a re\u00e7ue lors de sa sortie du ch\u00e2teau<\/p>\n<p>Apr\u00e8s son d\u00e9part de la Star Academy, Ema a repris le cours normal de sa vie. Aupr\u00e8s d&rsquo;Alix Grousset, l&rsquo;acad\u00e9micienne s&rsquo;est d&rsquo;ailleurs confi\u00e9e sur son retour \u00e0 la r\u00e9alit\u00e9 qui a \u00e9t\u00e9 plut\u00f4t violent<a href=\"https:\/\/www.programme-tv.net\/news\/tv\/392295-cest-dur-ca-peut-detruire-des-vies-ema-star-academy-raconte-le-moment-ou-elle-a-decouvert-les-centaines-de-critiques-sur-elle-le-premier-soir-a-lhotel\/\" data-api-deeplink=\"teleloisirs:\/\/news\/392295\" target=\"_blank\" rel=\"noopener\"> \u00e0 cause de ses d\u00e9tracteurs<\/a> : \u00ab\u00a0Ma meilleure amie m&rsquo;avait pr\u00e9venue que j&rsquo;avais eu de la haine sur les r\u00e9seaux, d\u00e8s que je me suis retrouv\u00e9e \u00e0 l&rsquo;h\u00f4tel le soir-m\u00eame. J&rsquo;ai pris beaucoup de recul, sinon tu craques, j&rsquo;avais juste besoin de me sentir bien.\u00a0\u00bb, a-t-elle confi\u00e9.<\/p>\n","protected":false},"excerpt":{"rendered":"Ce mercredi 26 novembre, les anciens candidats embl\u00e9matiques de la Star Academy \u00e9taient r\u00e9unis \u00e0 l&rsquo;occasion d&rsquo;un live&hellip;\n","protected":false},"author":2,"featured_media":561487,"comment_status":"","ping_status":"","sticky":false,"template":"","format":"standard","meta":{"footnotes":""},"categories":[1356],"tags":[244,58,67812,59,1011,27,64696,64698,64694,64695,5095,64699,64697,67813,252,199,2175,1364],"class_list":{"0":"post-561486","1":"post","2":"type-post","3":"status-publish","4":"format-standard","5":"has-post-thumbnail","7":"category-television","8":"tag-commentaire","9":"tag-divertissement","10":"tag-ema-star-academy-2025","11":"tag-entertainment","12":"tag-fr","13":"tag-france","14":"tag-la-quotidienne-25112022-173000-tf1","15":"tag-la-quotidienne-su00e9rie-52118294","16":"tag-la-quotidienne-1100832954","17":"tag-la-quotidienne-1100860641","18":"tag-star-academy","19":"tag-star-academy-le-prime-9790195","20":"tag-star-academy-1100807804","21":"tag-star-academy-1101059444","22":"tag-television","23":"tag-tf1","24":"tag-tl-story","25":"tag-tv"},"share_on_mastodon":{"url":"https:\/\/pubeurope.com\/@fr\/115619829177027381","error":""},"_links":{"self":[{"href":"https:\/\/www.europesays.com\/fr\/wp-json\/wp\/v2\/posts\/561486","targetHints":{"allow":["GET"]}}],"collection":[{"href":"https:\/\/www.europesays.com\/fr\/wp-json\/wp\/v2\/posts"}],"about":[{"href":"https:\/\/www.europesays.com\/fr\/wp-json\/wp\/v2\/types\/post"}],"author":[{"embeddable":true,"href":"https:\/\/www.europesays.com\/fr\/wp-json\/wp\/v2\/users\/2"}],"replies":[{"embeddable":true,"href":"https:\/\/www.europesays.com\/fr\/wp-json\/wp\/v2\/comments?post=561486"}],"version-history":[{"count":0,"href":"https:\/\/www.europesays.com\/fr\/wp-json\/wp\/v2\/posts\/561486\/revisions"}],"wp:featuredmedia":[{"embeddable":true,"href":"https:\/\/www.europesays.com\/fr\/wp-json\/wp\/v2\/media\/561487"}],"wp:attachment":[{"href":"https:\/\/www.europesays.com\/fr\/wp-json\/wp\/v2\/media?parent=561486"}],"wp:term":[{"taxonomy":"category","embeddable":true,"href":"https:\/\/www.europesays.com\/fr\/wp-json\/wp\/v2\/categories?post=561486"},{"taxonomy":"post_tag","embeddable":true,"href":"https:\/\/www.europesays.com\/fr\/wp-json\/wp\/v2\/tags?post=561486"}],"curies":[{"name":"wp","href":"https:\/\/api.w.org\/{rel}","templated":true}]}}