{"id":561488,"date":"2025-11-27T04:42:13","date_gmt":"2025-11-27T04:42:13","guid":{"rendered":"https:\/\/www.europesays.com\/fr\/561488\/"},"modified":"2025-11-27T04:42:13","modified_gmt":"2025-11-27T04:42:13","slug":"une-malediction-sexerce-sur-le-rap","status":"publish","type":"post","link":"https:\/\/www.europesays.com\/fr\/561488\/","title":{"rendered":"\u00ab Une mal\u00e9diction s\u2019exerce sur le rap \u00bb"},"content":{"rendered":"<p>                    Par<br \/>\n        <strong><br \/>\n            <a href=\"https:\/\/actu.fr\/auteur\/aurelie-duhamel-actu-fr\" title=\"Consulter tous les articles de Aur\u00e9lie Duhamel\" target=\"_blank\" rel=\"noopener\">Aur\u00e9lie Duhamel<\/a><br \/>\n                    <\/strong><\/p>\n<p>        Publi\u00e9 le<\/p>\n<p>            26 nov. 2025 \u00e0 17h20        <\/p>\n<p>Depuis la sortie de son premier album solo en 2004, le rappeur havrais M\u00e9dine n\u2019a jamais cess\u00e9 de d\u00e9fendre une \u00e9criture libre et affranchie. \u00c0 42\u00a0ans, cet artiste engag\u00e9, connu pour ses <b>punchlines assassines<\/b>, n\u2019a rien perdu de sa verve ni de son esprit combatif. Il sera \u00e0 l\u2019affiche le vendredi 5\u00a0d\u00e9cembre 2025 aux <a href=\"https:\/\/actu.fr\/ile-de-france\/les-mureaux_78440\" target=\"_blank\" rel=\"noopener\">Mureaux<\/a> (Yvelines).<\/p>\n<p class=\" wall-content\">Loin d\u2019\u00eatre \u00e0 court d\u2019inspiration, il affirme avoir m\u00eame davantage de choses \u00e0 dire qu\u2019\u00e0 ses d\u00e9buts. \u00ab<b>\u2009Je reste humble<\/b>, j\u2019ai encore beaucoup de travail pour continuer \u00e0 faire de la musique de qualit\u00e9\u2009\u00bb, estime le rappeur fan d\u2019IAM, NTM, Lunatic, Arsenik et Ideal J, qui refuse de se \u00ab\u2009reposer sur ses lauriers\u2009\u00bb.<\/p>\n<p class=\" wall-content\">Actuellement en tourn\u00e9e pour d\u00e9fendre Stentor, son 9e album studio, volontairement plus intime et apais\u00e9, l\u2019enfant terrible du rap fran\u00e7ais continue de revendiquer une plume d\u00e9nu\u00e9e de toute censure au service de combats qu\u2019il juge universels, quoi qu\u2019en pensent ses <b>nombreux d\u00e9tracteurs<\/b>.<\/p>\n<p class=\" wall-content\">\u00c0 la veille d\u2019un concert \u00e0 Nantes (Loire-Atlantique), M\u00e9dine s\u2019est livr\u00e9 \u00e0 78 actu <b>sans langue de bois<\/b> dans un long entretien.<\/p>\n<p>Des Mureaux, il garde \u00ab\u2009un super souvenir\u2009\u00bb<\/p>\n<p class=\"ac-article-content__question wall-content\">\u2022 Avant de clore votre tourn\u00e9e au Z\u00e9nith de Paris, vous serez sur la sc\u00e8ne du Cosec Pablo-Neruda aux Mureaux, le 5\u00a0d\u00e9cembre 2025. Une premi\u00e8re\u2009?<\/p>\n<p class=\" wall-content\">J\u2019ai d\u00e9j\u00e0 jou\u00e9 aux Mureaux en 2009. \u00c7a remonte \u00e0 longtemps\u2026 Je me souviens d\u2019une salle aux [quartier] Musiciens. Je venais m\u00eame jouer au basket de temps en temps dans les city stades de la ville pour des rencontres interquartiers.<\/p>\n<p class=\"ac-article-content__question wall-content\">\u2022 Vous partagez une histoire commune avec Les Mureaux. Au d\u00e9but des ann\u00e9es 2000, vous avez fait vos premi\u00e8res radios dans l\u2019\u00e9mission Freestyle de RVVS anim\u00e9e par Moustaflow, avec le collectif la Boussole. De bons souvenirs\u2009?<\/p>\n<p class=\" wall-content\">J\u2019en garde un super souvenir\u2009! On avait m\u00eame un membre de notre collectif, Moussa Wagu\u00e9, alias <a href=\"https:\/\/www.instagram.com\/p\/DRcyaD1FrSn\/\" target=\"_blank\" rel=\"noopener\">Enarce<\/a> \u00e0 l\u2019\u00e9poque, qui venait des Mureaux. C\u2019est aujourd\u2019hui un entrepreneur de la musique qui continue de distribuer des albums africains. On avait un vrai lien gr\u00e2ce \u00e0 lui.<\/p>\n<p>Votre r\u00e9gion, votre actu !<\/p>\n<p>Recevez chaque jour les infos qui comptent pour vous.<\/p>\n<p>\t<a href=\"https:\/\/actu.fr\/newsletter\" class=\"ac-btn ac-btn--corner ac-btn--medium ac-btn--blue800\" target=\"_blank\" rel=\"noopener\">S&rsquo;incrire<\/a><br \/>\n\u00ab\u2009Stentor\u2009\u00bb\u2009: un neuvi\u00e8me album incisif et sensible<\/p>\n<p class=\"ac-article-content__question wall-content\">\u2022 \u00ab\u2009Stentor\u2009\u00bb est votre neuvi\u00e8me album studio. L\u2019\u00e9criture et l\u2019interpr\u00e9tation sont toujours aussi incisives. Que nous raconte cet album\u2009? L\u2019avez-vous con\u00e7u diff\u00e9remment des pr\u00e9c\u00e9dents\u2009?<\/p>\n<p class=\" wall-content\">Non, cet album se situe vraiment dans la continuit\u00e9 des pr\u00e9c\u00e9dents, mais sous une autre forme. J\u2019essaie \u00e0 chaque fois de reprendre les th\u00e8mes de pr\u00e9dilection qui me sont chers, \u00e0 savoir les questions de restriction des libert\u00e9s artistiques et individuelles, des questions qui critiquent le contexte m\u00e9diatico-politique, qui tend \u00e0 d\u00e9river vers une extr\u00eame droitisation. Ce sont des sujets qui sont pr\u00e9sents dans mes albums depuis 2004.<\/p>\n<blockquote class=\"ac-article-quote wall-content\">\n<p>\u00a0 M\u00eame si ce sont des sujets r\u00e9currents, l\u2019id\u00e9e c\u2019est d\u2019en parler de la meilleure des fa\u00e7ons et sous une nouvelle forme \u00e0 chaque fois.\u2009\u00bb<\/p>\n<p>M\u00e9dine<\/p><\/blockquote>\n<p class=\" wall-content\">\n<p class=\"ac-article-content__question wall-content\">\u2022 Sur la cover de cet album, une partie de votre visage est dissimul\u00e9e sous un masque. Pourquoi ce choix\u2009? Un message subliminal\u2009?<\/p>\n<p class=\" wall-content\">Ce n\u2019est pas un masque, mais une armure. Mon visage est prot\u00e9g\u00e9 plus que cach\u00e9. C\u2019est plut\u00f4t ma parole qui est prot\u00e9g\u00e9e, justement pour faire \u00e9cho \u00e0 cette \u00e9poque de restrictions des libert\u00e9s d\u2019expression et de censure. L\u2019id\u00e9e \u00e9tait d\u2019illustrer \u00e7a jusque dans la pochette de l\u2019album.<\/p>\n<blockquote class=\"ac-article-quote wall-content\">\n<p>\u00a0 Aujourd\u2019hui, \u00eatre rappeur et d\u00e9noncer des sujets \u00e0 port\u00e9e politique fait qu\u2019on subit une esp\u00e8ce de criminalisation.\u2009\u00bb<\/p>\n<p>M\u00e9dine<\/p><\/blockquote>\n<p>\u00ab\u2009J\u2019ai plus de choses \u00e0 dire maintenant qu\u2019il y a vingt ans\u2009\u00bb<\/p>\n<p class=\"ac-article-content__question wall-content\">\u2022 Est-ce qu\u2019on a toujours autant de choses \u00e0 dire apr\u00e8s vingt ans de carri\u00e8re, ou est-ce qu\u2019au contraire, est-il parfois plus difficile de trouver l\u2019inspiration\u2009?<\/p>\n<p class=\" wall-content\">Oui, malheureusement (rires)\u2009! J\u2019ai l\u2019impression d\u2019avoir m\u00eame plus de choses \u00e0 dire maintenant que j\u2019ai d\u00e9pass\u00e9 la quarantaine que quand j\u2019ai commenc\u00e9 ce m\u00e9tier. J\u2019ai un regard plus sensible, avec une maturit\u00e9 qui intervient aussi j\u2019imagine\u2026 Je reprends des th\u00e8mes que j\u2019ai d\u00e9j\u00e0 trait\u00e9s, mais avec plus de recul.<\/p>\n<p class=\"ac-article-content__question wall-content\">\u2022 Vous continuez de d\u00e9peindre cr\u00fbment la soci\u00e9t\u00e9, mais on d\u00e9couvre aussi des morceaux plus intimes et plus pos\u00e9s, comme avec \u00ab\u2009Jamilia\u2009\u00bb. C\u2019est volontaire\u2009?<\/p>\n<p class=\" wall-content\">Oui, compl\u00e8tement, c\u2019est vrai. Il ne s\u2019agit pas seulement de parler de sujets \u00e0 port\u00e9e sociale, mais aussi de parfois raconter la l\u00e9g\u00e8ret\u00e9 de la vie. C\u2019est oblig\u00e9 que \u00e7a transpara\u00eet dans mes albums.<\/p>\n<p>    <a href=\"https:\/\/www.youtube.com\/embed\/5vRkFyIygCg\" title=\"Ouvrie le lien\" target=\"_blank\" rel=\"noopener\">Cliquez ici pour visualiser le contenu<\/a><\/p>\n<p>M\u00e9dine accus\u00e9 de tous les maux<\/p>\n<p>En juin\u00a02025, la maire LR de Saint-Quentin (Aisne) a d\u00e9programm\u00e9 le concert de M\u00e9dine pr\u00e9vu en octobre\u00a02025 en raison des positions \u00ab\u2009pas claires\u2009\u00bb du rappeur sur les questions de la\u00efcit\u00e9, de racisme et d\u2019homophobie. En r\u00e9action, plus de 150 personnalit\u00e9s, dont Mathieu Kassovitz, Laura Felpin ou encore le journaliste Edwy Plenel, ont sign\u00e9 le 13\u00a0juin 2025 une tribune de soutien \u00e0 M\u00e9dine sur le blog de Mediapart.<\/p>\n<p>\u00ab\u2009J\u2019ai le cuir solide et je suis \u00e0 l\u2019\u00e9preuve des balles\u2009\u00bb<\/p>\n<p class=\"ac-article-content__question wall-content\">\u2022 Vous avez eu des concerts annul\u00e9s, des proc\u00e8s, subi un acharnement de l\u2019extr\u00eame droite\u2026 Vous \u00eates \u00e0 l\u2019\u00e9preuve des balles ou \u00e7a a \u00e9t\u00e9 parfois dur \u00e0 encaisser\u2009?<\/p>\n<p class=\" wall-content\">Je me sens dans mon endroit en tant qu\u2019artiste, je suis pr\u00e9cis\u00e9ment l\u00e0 o\u00f9 je dois \u00eatre. En tout cas, c\u2019est comme \u00e7a que je con\u00e7ois l\u2019art. Il peut \u00eatre subversif, il doit bousculer, mettre des curseurs l\u00e0 o\u00f9 on a envie de les mettre. Forc\u00e9ment, je m\u2019expose \u00e0 un certain nombre de critiques. Quand on choisit de faire du rap, avec une dimension provocatrice comme la mienne, le packaging, c\u2019est aussi celui de recevoir des coups et d\u2019y faire face. Mais j\u2019ai le cuir solide et je suis \u00e0 l\u2019\u00e9preuve des balles.<\/p>\n<blockquote class=\"ac-article-quote wall-content\">\n<p>\u00a0 Je ne compte pas c\u00e9der un pouce de centim\u00e8tre de terrain \u00e0 mes d\u00e9tracteurs, qui sont souvent des gens qui sont du monde r\u00e9actionnaire ou de l\u2019extr\u00eame droite.\u2009\u00bb<\/p>\n<p>M\u00e9dine<\/p><\/blockquote>\n<p>\u00ab\u2009Sophia Aram se prend les pieds dans le tapis\u2009\u00bb<\/p>\n<p class=\"ac-article-content__question wall-content\">\u2022 En novembre\u00a02025, vous avez \u00e9t\u00e9 tacl\u00e9 par l\u2019humoriste Sophia Aram apr\u00e8s une s\u00e9quence \u00e0 la F\u00eate de l\u2019Humanit\u00e9 qu\u2019elle a jug\u00e9 \u00ab\u2009d\u00e9bordante de testost\u00e9rone et de masculinisme\u2009\u00bb. Vous qui avez aussi d\u00e9fendu des morceaux plus f\u00e9ministes avec Reste \u00e0 vivre, Combat de femme ou l\u2019Ombre du m\u00e2le, comment r\u00e9agissez-vous \u00e0 ces attaques\u2009?<\/p>\n<p class=\" wall-content\">Je trouve plus int\u00e9ressant d\u2019analyser le regard que porte Sophia Aram sur le rap et ce que j\u2019incarne, un jeune issu de l\u2019immigration alg\u00e9rienne, des quartiers populaires et musulman. Elle me reproche d\u2019avoir des postures masculinistes alors que ce sont des concepts que je d\u00e9nonce de fa\u00e7on virulente dans mes albums, notamment dans le dernier en date. Surtout, Sophia Aram se prend les pieds dans le tapis, car elle jette l\u2019opprobre sur la troupe de la com\u00e9die musicale \u00ab\u2009La Haine\u2009\u00bb [avec laquelle il a fait scander un chant antifasciste \u00e0 la foule \u2013 N.D.L.R.] qui est formidable.<\/p>\n<p>\u00ab\u2009On insulte l\u2019intelligence de notre public en permanence\u2009\u00bb<\/p>\n<p class=\"ac-article-content__question wall-content\">\u2022 Comment expliquez-vous que votre nom soit \u00e0 ce point devenu un sujet de d\u00e9bats\u2009?<\/p>\n<p class=\" wall-content\">Ce n\u2019est pas propre \u00e0 mon cas. C\u2019est un peu une mal\u00e9diction qui s\u2019exerce sur le rap. Il y a une double insulte qui est faite \u00e0 cette musique et \u00e0 cet art depuis longtemps. Les rappeurs n\u2019ont pas le droit au second degr\u00e9, ni la capacit\u00e9 d\u2019extrapoler et de se projeter dans un r\u00e9cit fictif. La deuxi\u00e8me insulte, c\u2019est celle qui est faite au public. Le rap est la musique la plus populaire et \u00e9cout\u00e9e. J\u2019ai l\u2019impression que l\u2019on traite le rap de la m\u00eame mani\u00e8re que l\u2019on va traiter les minorit\u00e9s populaires, de mani\u00e8re stigmatisante et sans nuance.<\/p>\n<blockquote class=\"ac-article-quote wall-content\">\n<p>\u00a0 On n\u2019accorde pas au public du rap cette distanciation que l\u2019on accorde \u00e0 tous les autres publics. Dans le rock, on peut extrapoler et avoir des images et iconographies virulentes sans \u00eatre tax\u00e9 de faire l\u2019apologie de quoi que ce soit. On insulte l\u2019intelligence de notre public en permanence.\u2009\u00bb<\/p>\n<p>M\u00e9dine<\/p><\/blockquote>\n<p>\u00ab\u2009Je suis un lanceur d\u2019alerte\u2009\u00bb<\/p>\n<p class=\"ac-article-content__question wall-content\">\u2022 On vous a accus\u00e9 de communautarisme, d\u2019attaquer la la\u00efcit\u00e9, d\u2019antis\u00e9mitisme, d\u2019homophobie\u2026 En 2021, Aurore Berg\u00e9 (Yvelinoise et actuelle ministre d\u00e9l\u00e9gu\u00e9e charg\u00e9e de l\u2019\u00c9galit\u00e9 femmes hommes) vous a qualifi\u00e9 de \u00ab\u2009rappeur islamiste\u2009\u00bb. Dans le fond, M\u00e9dine, c\u2019est qui\u2009?<\/p>\n<p class=\" wall-content\">Je crois que je suis un rappeur qui justement d\u00e9nonce les sujets dont je suis tax\u00e9. Mais pas de fa\u00e7on conventionnelle ni partisane dont on voudrait que je le fasse. On voudrait m\u2019associer \u00e0 des id\u00e9ologies qui ne sont pas les miennes.<\/p>\n<blockquote class=\"ac-article-quote wall-content\">\n<p>\u00a0 Je pense que je suis simplement un r\u00e9v\u00e9lateur, un lanceur d\u2019alerte. Quelqu\u2019un qui pointe les contradictions et l\u2019hypocrisie d\u2019un monde qui diabolise les minorit\u00e9s et la population. Voil\u00e0 pourquoi je suis aussi entre tirs crois\u00e9s.\u2009\u00bb<\/p>\n<p>M\u00e9dine<\/p><\/blockquote>\n<p>Il assume avoir \u00ab\u2009commis des erreurs\u2009\u00bb<\/p>\n<p class=\"ac-article-content__question wall-content\">\u2022 Certains de vos morceaux, de vos soutiens et de vos prises de parole (comme lorsqu\u2019il s\u2019est fendu d\u2019un tweet qualifiant l\u2019essayiste et actrice Rachel Khan \u2013 petite-fille de d\u00e9port\u00e9s \u2013 de \u00ab\u2009ResKHANp\u00e9e\u2009\u00bb) ont malgr\u00e9 tout pu blesser ou cr\u00e9er des malaises. Avez-vous des regrets\u2009?<\/p>\n<p class=\" wall-content\">Bien s\u00fbr\u2009! Comme tout le monde j\u2019ai commis des erreurs et j\u2019ai toujours fait mon mea-culpa, ce qui fait la diff\u00e9rence avec mes d\u00e9tracteurs qui sont arc-bout\u00e9s sur certains sujets.<\/p>\n<blockquote class=\"ac-article-quote wall-content\">\n<p>\u00a0 Je suis un artiste, je n\u2019ai pas d\u2019agenda politique. Je n\u2019ai aucun souci \u00e0 me rendre compte que j\u2019ai fait des erreurs, je les reconnais publiquement et j\u2019avance.\u2009\u00bb<\/p>\n<p>M\u00e9dine<\/p><\/blockquote>\n<p class=\"ac-article-content__question wall-content\">\u2022 \u00c0 42\u00a0ans, est-ce que vous \u00eates toujours dans la provoque, ou plus dans la nuance\u2009?<\/p>\n<p class=\" wall-content\">Je suis dans une nuance radicale, \u00e7a me d\u00e9finit assez bien. S\u2019il y a nuance \u00e0 avoir, il faut une radicalit\u00e9 et qu\u2019elle ne soit pas \u00e0 g\u00e9om\u00e9trie variable.<\/p>\n<p>Une nouvelle tourn\u00e9e acoustique en 2026<\/p>\n<p class=\"ac-article-content__question wall-content\">\u2022 Vous encha\u00eenez actuellement les dates. La passion est-elle toujours intacte\u2009?<\/p>\n<p class=\" wall-content\">Je suis toujours passionn\u00e9, oui. J\u2019ai de vrais projets, je veux changer de format, aller vers le th\u00e9\u00e2tre, m\u00e9langer les courants\u2026 Je n\u2019ai aucune limite et je ne me sens en aucun cas essouffl\u00e9 ou \u00e9puis\u00e9. J\u2019\u00e9tais \u00e0 Rennes hier soir [lire mardi 25\u00a0novembre 2025], c\u2019\u00e9tait excellent. Je serais \u00e0 Nantes demain [27\u00a0novembre 2025]. C\u2019est ma vie, en vrai.<\/p>\n<blockquote class=\"ac-article-quote wall-content\">\n<p>\u00a0 Je suis le Henri Salvador de cette musique, je veux mourir sur sc\u00e8ne \u00e0 80 ans.\u2009\u00bb<\/p>\n<p>M\u00e9dine<\/p><\/blockquote>\n<p class=\"ac-article-content__question wall-content\">\u2022 Quel rapport entretenez-vous avec votre public\u2009? Rappelons que votre tourn\u00e9e M\u00e9dine France Tour a \u00e9t\u00e9 un immense succ\u00e8s avec 70 dates quasiment sold-out en France, en Suisse et en Belgique\u2026<\/p>\n<p class=\" wall-content\">Oh, c\u2019est plus que fusionnel maintenant, on est dans un rapport presque familial.<\/p>\n<p class=\"ac-article-content__question wall-content\">\u2022 La tourn\u00e9e \u00ab\u2009Stentor \u00c9pop\u00e9e\u2009\u00bb touchera bient\u00f4t \u00e0 sa fin. On imagine que vous avez d\u00e9j\u00e0 d\u2019autres projets en t\u00eate pour la suite\u2026<\/p>\n<p class=\" wall-content\">Je vais repartir sur une tourn\u00e9e acoustique en 2026. L\u2019id\u00e9e, c\u2019est de ramener la th\u00e9\u00e2tralisation que j\u2019ai dans mes textes dans des salles diff\u00e9rentes. De ramener plus de mise en sc\u00e8ne et de sc\u00e9nographie, mais surtout de ramener le rap au th\u00e9\u00e2tre.<\/p>\n<blockquote class=\"ac-article-quote wall-content\">\n<p>\u00a0 J\u2019avais d\u00e9j\u00e0 fait une tourn\u00e9e acoustique en 2024. Je jouais m\u00eame la com\u00e9die \u00e0 certains moments, c\u2019\u00e9tait une vraie premi\u00e8re exp\u00e9rience. L\u00e0, je vais remettre le couvert dans une envergure encore plus grande.\u2009\u00bb<\/p>\n<\/blockquote>\n<p>    <a href=\"https:\/\/www.youtube.com\/embed\/TLtdJ7JdMUs\" title=\"Ouvrie le lien\" target=\"_blank\" rel=\"noopener\">Cliquez ici pour visualiser le contenu<\/a><\/p>\n<p>Un artiste infatigable<\/p>\n<p class=\"ac-article-content__question wall-content\">\u2022 Qu\u2019est-ce que l\u2019on peut vous souhaiter pour la suite\u2009?<\/p>\n<p class=\" wall-content\">De bien finir ma tourn\u00e9e, que le Z\u00e9nith de Paris le 18\u00a0d\u00e9cembre 2025 soit une grande f\u00eate finale. Il me reste encore six dates. Ensuite un peu de repos et on y retourne.<\/p>\n<p>Des places sont encore disponibles pour assister au concert de M\u00e9dine, le vendredi 5\u00a0d\u00e9cembre 2025, \u00e0 20\u2009h\u200930, aux Mureaux. <a href=\"https:\/\/billetterie.lesmureaux.fr\/\" target=\"_blank\" rel=\"noopener\">Rendez-vous sur la billetterie de la municipalit\u00e9<\/a> ou \u00e0 la m\u00e9diath\u00e8que de la commune, ouverte du mardi au samedi, de 9\u2009h \u00e0 18\u2009h, et le dimanche, de 14\u2009h \u00e0 18\u2009h.<\/p>\n<p class=\" wall-content\">Personnalisez votre actualit\u00e9 en ajoutant vos villes et m\u00e9dias en favori avec <a href=\"https:\/\/moncompte.actu.fr\" title=\"D\u00e9couvez Mon Actu\" rel=\"nofollow noopener\" data-trk=\"{&quot;cta&quot;:{&quot;action&quot;:&quot;https:\\\/\\\/moncompte.actu.fr&quot;,&quot;category&quot;:&quot;mon compte&quot;,&quot;from&quot;:&quot;article footer&quot;,&quot;name&quot;:&quot;Mon actu&quot;,&quot;type&quot;:&quot;cta&quot;}}\" target=\"_blank\">Mon Actu<\/a>.<\/p>\n<p>                    <script async src=\"\/\/www.instagram.com\/embed.js\"><\/script><\/p>\n","protected":false},"excerpt":{"rendered":"Par Aur\u00e9lie Duhamel Publi\u00e9 le 26 nov. 2025 \u00e0 17h20 Depuis la sortie de son premier album solo&hellip;\n","protected":false},"author":2,"featured_media":561489,"comment_status":"","ping_status":"","sticky":false,"template":"","format":"standard","meta":{"footnotes":""},"categories":[1355],"tags":[58,59,1011,27,1652,1361,873,3616],"class_list":{"0":"post-561488","1":"post","2":"type-post","3":"status-publish","4":"format-standard","5":"has-post-thumbnail","7":"category-musique","8":"tag-divertissement","9":"tag-entertainment","10":"tag-fr","11":"tag-france","12":"tag-loisirs-culture","13":"tag-music","14":"tag-musique","15":"tag-rap"},"share_on_mastodon":{"url":"https:\/\/pubeurope.com\/@fr\/115619833004866785","error":""},"_links":{"self":[{"href":"https:\/\/www.europesays.com\/fr\/wp-json\/wp\/v2\/posts\/561488","targetHints":{"allow":["GET"]}}],"collection":[{"href":"https:\/\/www.europesays.com\/fr\/wp-json\/wp\/v2\/posts"}],"about":[{"href":"https:\/\/www.europesays.com\/fr\/wp-json\/wp\/v2\/types\/post"}],"author":[{"embeddable":true,"href":"https:\/\/www.europesays.com\/fr\/wp-json\/wp\/v2\/users\/2"}],"replies":[{"embeddable":true,"href":"https:\/\/www.europesays.com\/fr\/wp-json\/wp\/v2\/comments?post=561488"}],"version-history":[{"count":0,"href":"https:\/\/www.europesays.com\/fr\/wp-json\/wp\/v2\/posts\/561488\/revisions"}],"wp:featuredmedia":[{"embeddable":true,"href":"https:\/\/www.europesays.com\/fr\/wp-json\/wp\/v2\/media\/561489"}],"wp:attachment":[{"href":"https:\/\/www.europesays.com\/fr\/wp-json\/wp\/v2\/media?parent=561488"}],"wp:term":[{"taxonomy":"category","embeddable":true,"href":"https:\/\/www.europesays.com\/fr\/wp-json\/wp\/v2\/categories?post=561488"},{"taxonomy":"post_tag","embeddable":true,"href":"https:\/\/www.europesays.com\/fr\/wp-json\/wp\/v2\/tags?post=561488"}],"curies":[{"name":"wp","href":"https:\/\/api.w.org\/{rel}","templated":true}]}}