{"id":561490,"date":"2025-11-27T04:43:28","date_gmt":"2025-11-27T04:43:28","guid":{"rendered":"https:\/\/www.europesays.com\/fr\/561490\/"},"modified":"2025-11-27T04:43:28","modified_gmt":"2025-11-27T04:43:28","slug":"critique-cinema-la-preface-pedagogique-de-guillaume-ribot-avec-je-navais-que-le-neant-shoah-par-lanzmann","status":"publish","type":"post","link":"https:\/\/www.europesays.com\/fr\/561490\/","title":{"rendered":"Critique cin\u00e9ma\u00a0: La pr\u00e9face p\u00e9dagogique de Guillaume Ribot avec \u00ab\u00a0Je n&rsquo;avais que le n\u00e9ant &#8211; \u00ab\u00a0Shoah\u00a0\u00bb par Lanzmann\u00a0\u00bb"},"content":{"rendered":"<p class=\"PopSlotParagraph qg-tx2 qg-xtra-lh svelte-1r0pyek\">Avec Je n&rsquo;avais que le n\u00e9ant \u2013 \u201cShoah\u201d par Lanzmann, Guillaume Ribot signe un documentaire immersif qui revisite l\u2019\u00e9laboration titanesque de Shoah, le film-monument de Claude Lanzmann. \u00c0 partir de 220 heures de rushes in\u00e9dits et des m\u00e9moires du cin\u00e9aste, Ribot remonte le fil d\u2019une enqu\u00eate de douze ans, faite d\u2019errances, de doutes, de confrontations et de v\u00e9rit\u00e9s arrach\u00e9es au silence.<\/p>\n<p class=\"PopSlotParagraph qg-tx2 qg-xtra-lh svelte-1r0pyek\">Pr\u00e9sent\u00e9 hors comp\u00e9tition \u00e0 la Berlinale, ce troisi\u00e8me long-m\u00e9trage du r\u00e9alisateur-photographe d\u00e9voile les coulisses d\u2019une \u0153uvre fondatrice de la m\u00e9moire de la Shoah, et r\u00e9v\u00e8le un Lanzmann en qu\u00eate obsessionnelle de t\u00e9moignages, sillonnant le monde entre 1976 et 1981 pour faire surgir la v\u00e9rit\u00e9 l\u00e0 o\u00f9 ne demeurait que le n\u00e9ant. \u00c0 travers un r\u00e9cit aux allures de road-movie archivistique, Ribot \u00e9claire le geste artistique, moral et politique derri\u00e8re l\u2019un des documentaires les plus importants de l\u2019histoire du cin\u00e9ma.<\/p>\n<p> <strong>Les avis des critiques<\/strong><\/p>\n<p class=\"PopSlotParagraph qg-tx2 qg-xtra-lh svelte-1r0pyek\">Philippe Azoury\u00a0: \u00ab\u00a0Ce film est presque impossible \u00e0 commenter\u00a0: on s\u2019y plonge plus qu\u2019on ne l\u2019analyse, en se retrouvant \u00e0 la place de Lanzmann, face \u00e0 un travail jug\u00e9 impossible dans les ann\u00e9es 70 et men\u00e9 pourtant durant douze ann\u00e9es d\u2019acharnement. Le documentaire montre ce que Shoah ne montrait pas\u00a0: la difficult\u00e9 de trouver une forme, l\u2019indiff\u00e9rence initiale des institutions, les \u00e9checs, les refus, et la n\u00e9cessit\u00e9 de ruser pour approcher d\u2019anciens nazis. On comprend comment Lanzmann finit par r\u00e9aliser que le seul film possible est la confrontation directe avec l\u2019impensable. Ce film agit comme une pr\u00e9face au monument de neuf heures et demie qu\u2019est Shoah\u00a0: une immersion dans la gen\u00e8se, les doutes et les ruses, sans poser plus de questions th\u00e9oriques que celle, centrale, de filmer contre son sujet. Depuis que je l\u2019ai vu, je repense sans cesse \u00e0 cette phrase de Lanzmann \u00ab\u00a0je voulais tuer avec la cam\u00e9ra\u00a0\u00bb difficile \u00e0 assumer du point de vue d\u00e9ontologique, mais compr\u00e9hensible face \u00e0 la banalit\u00e9 et \u00e0 l\u2019effacement des criminels.\u00a0\u00bb<\/p>\n<p class=\"PopSlotParagraph qg-tx2 qg-xtra-lh svelte-1r0pyek\">Charlotte Garson\u00a0: \u00ab\u00a0Je trouve ce documentaire finalement p\u00e9dagogique, m\u00eame si la voix-off \u00e0 la premi\u00e8re personne, tir\u00e9e de Lanzmann, m\u2019a d\u2019abord d\u00e9rout\u00e9. Pour moi, c\u2019est une bonne introduction \u00e0 Shoah, presque une pr\u00e9face. Il rappelle bien pourquoi Lanzmann refusait toute reconstitution ou archives\u00a0: l\u2019entreprise nazie ayant d\u00e9truit les preuves, il fallait retrouver l\u2019histoire dans les lieux effac\u00e9s et les t\u00e9moignages vivants. Le film montre aussi le c\u00f4t\u00e9 romanesque de l\u2019enqu\u00eate face \u00e0 la falsification nazie. M\u00eame si la dimension monumentale que Lanzmann se construit n\u2019est pas questionn\u00e9e, le documentaire met en valeur ces rushes longtemps oubli\u00e9s, qui constituent un v\u00e9ritable monument historiographique.\u00a0\u00bb<\/p>\n<p>  <img decoding=\"async\" class=\"Image-preview  svelte-1b9cmvl\" data-testid=\"image-preview\" src=\"data:image\/jpeg;charset=utf-8;base64, \/9j\/2wBDACgcHiMeGSgjISMtKygwPGRBPDc3PHtYXUlkkYCZlo+AjIqgtObDoKrarYqMyP\/L2u71\/\/\/\/m8H\/\/\/\/6\/+b9\/\/j\/2wBDASstLTw1PHZBQXb4pYyl+Pj4+Pj4+Pj4+Pj4+Pj4+Pj4+Pj4+Pj4+Pj4+Pj4+Pj4+Pj4+Pj4+Pj4+Pj4+Pj4+Pj\/wAARCAAeACoDASIAAhEBAxEB\/8QAGAABAAMBAAAAAAAAAAAAAAAAAgABAwT\/xAAaEAEAAwEBAQAAAAAAAAAAAAAAAQIREgMh\/8QAFgEBAQEAAAAAAAAAAAAAAAAAAQAC\/8QAFBEBAAAAAAAAAAAAAAAAAAAAAP\/aAAwDAQACEQMRAD8A5vOHV5Ma1bU+Fl00sfTCsl0iVrB0qZHQAihRDTExEYWvExEVYWJiD\/\/Z\" alt=\"\" aria-hidden=\"false\"\/>     <img decoding=\"async\" src=\"https:\/\/www.europesays.com\/fr\/wp-content\/uploads\/2025\/11\/860_sc_2-all-i-had-was-nothingness-still-2-ushmm-et-yad-vashem-collection-shoah-de-claude-lanzmann.j.jpeg\" loading=\"lazy\" fetchpriority=\"low\" width=\"860\" height=\"618\" class=\"Image-main  svelte-1b9cmvl rounded\" data-testid=\"image-src\" alt=\"Claude Lanzmann tient en main une pancarte indiquant le village de Sobibor, lieu ou\u0300 fut construit un des centres de mise a\u0300 mort de l\u2019ope\u0301ration Reinhardt. Sobibor, Pologne, 1979.\" aria-hidden=\"false\" onload=\"this.__e=event\" onerror=\"this.__e=event\"\/> Claude Lanzmann tient en main une pancarte indiquant le village de Sobibor, lieu ou\u0300 fut construit un des centres de mise a\u0300 mort de l\u2019ope\u0301ration Reinhardt. Sobibor, Pologne, 1979.  &#8211; \u00a9 USHMM et YAD VASHEM &#8211; Collection SHOAH de Claude Lanzmann Extrait sonore<\/p>\n<ul>\n<li>Bande annonce de\u00a0Je n&rsquo;avais que le n\u00e9ant &#8211; Shoah par Lanzmann de Guillaume Ribot<\/li>\n<\/ul>\n<p>Plus d&rsquo;informations<\/p>\n<ul>\n<li>Je n&rsquo;avais que le n\u00e9ant &#8211; Shoah par Lanzmann de Guillaume Ribot en salle mercredi 26 novembre 2025, disponible \u00e9galement sur arte.tv, et diffusion le mercredi 26 novembre \u00e0 22:35 sur Arte<\/li>\n<\/ul>\n<p class=\"BounceCard-label qg-st4 svelte-990b7w\" role=\"heading\" aria-level=\"2\">\u00c0 \u00e9couter<\/p>\n<p>      <img decoding=\"async\" src=\"https:\/\/www.europesays.com\/fr\/wp-content\/uploads\/2025\/11\/120x120_sc_carre.jpg\" width=\"120\" height=\"120\" alt=\"\" loading=\"lazy\" fetchpriority=\"low\" data-testid=\"image-tag\" style=\"--_image-preview:url('data:image\/jpeg;base64,\/9j\/2wBDACgcHiMeGSgjISMtKygwPGRBPDc3PHtYXUlkkYCZlo+AjIqgtObDoKrarYqMyP\/L2u71\/\/\/\/m8H\/\/\/\/6\/+b9\/\/j\/2wBDASstLTw1PHZBQXb4pYyl+Pj4+Pj4+Pj4+Pj4+Pj4+Pj4+Pj4+Pj4+Pj4+Pj4+Pj4+Pj4+Pj4+Pj4+Pj4+Pj4+Pj\/wAARCAAqACoDASIAAhEBAxEB\/8QAGAAAAwEBAAAAAAAAAAAAAAAAAQIDBAD\/xAAYEAEBAQEBAAAAAAAAAAAAAAAAAgEREv\/EABgBAQEBAQEAAAAAAAAAAAAAAAABAgME\/8QAFhEBAQEAAAAAAAAAAAAAAAAAAAEC\/9oADAMBAAIRAxEAPwBoaI1mnVZoF\/Sd6HolUNSp2ka9T6jtNmmlMtky1MtXnafZapLLdtCurU+urSdFTyj5SOHwZVyh6nhsFHQEEH\/\/2Q==');\" aria-hidden=\"true\" class=\"svelte-1n5zs1o ratio\" onload=\"this.__e=event\" onerror=\"this.__e=event\"\/>  <\/p>\n","protected":false},"excerpt":{"rendered":"Avec Je n&rsquo;avais que le n\u00e9ant \u2013 \u201cShoah\u201d par Lanzmann, Guillaume Ribot signe un documentaire immersif qui revisite&hellip;\n","protected":false},"author":2,"featured_media":561491,"comment_status":"","ping_status":"","sticky":false,"template":"","format":"standard","meta":{"footnotes":""},"categories":[1354],"tags":[58,59,1346,1011,27,1360],"class_list":{"0":"post-561490","1":"post","2":"type-post","3":"status-publish","4":"format-standard","5":"has-post-thumbnail","7":"category-films","8":"tag-divertissement","9":"tag-entertainment","10":"tag-films","11":"tag-fr","12":"tag-france","13":"tag-movies"},"share_on_mastodon":{"url":"https:\/\/pubeurope.com\/@fr\/115619838281409906","error":""},"_links":{"self":[{"href":"https:\/\/www.europesays.com\/fr\/wp-json\/wp\/v2\/posts\/561490","targetHints":{"allow":["GET"]}}],"collection":[{"href":"https:\/\/www.europesays.com\/fr\/wp-json\/wp\/v2\/posts"}],"about":[{"href":"https:\/\/www.europesays.com\/fr\/wp-json\/wp\/v2\/types\/post"}],"author":[{"embeddable":true,"href":"https:\/\/www.europesays.com\/fr\/wp-json\/wp\/v2\/users\/2"}],"replies":[{"embeddable":true,"href":"https:\/\/www.europesays.com\/fr\/wp-json\/wp\/v2\/comments?post=561490"}],"version-history":[{"count":0,"href":"https:\/\/www.europesays.com\/fr\/wp-json\/wp\/v2\/posts\/561490\/revisions"}],"wp:featuredmedia":[{"embeddable":true,"href":"https:\/\/www.europesays.com\/fr\/wp-json\/wp\/v2\/media\/561491"}],"wp:attachment":[{"href":"https:\/\/www.europesays.com\/fr\/wp-json\/wp\/v2\/media?parent=561490"}],"wp:term":[{"taxonomy":"category","embeddable":true,"href":"https:\/\/www.europesays.com\/fr\/wp-json\/wp\/v2\/categories?post=561490"},{"taxonomy":"post_tag","embeddable":true,"href":"https:\/\/www.europesays.com\/fr\/wp-json\/wp\/v2\/tags?post=561490"}],"curies":[{"name":"wp","href":"https:\/\/api.w.org\/{rel}","templated":true}]}}