{"id":561492,"date":"2025-11-27T04:44:11","date_gmt":"2025-11-27T04:44:11","guid":{"rendered":"https:\/\/www.europesays.com\/fr\/561492\/"},"modified":"2025-11-27T04:44:11","modified_gmt":"2025-11-27T04:44:11","slug":"ile-de-france-normandie-mayotte-la-grippe-sinstalle-dans-plusieurs-regions-francaises-le-parisien","status":"publish","type":"post","link":"https:\/\/www.europesays.com\/fr\/561492\/","title":{"rendered":"\u00cele-de-France, Normandie, Mayotte\u2026 La grippe s\u2019installe dans plusieurs r\u00e9gions fran\u00e7aises &#8211; Le Parisien"},"content":{"rendered":"<ol>\n<li><a href=\"https:\/\/news.google.com\/rss\/articles\/CBMi-wFBVV95cUxQUmRQMnZJSi03WTNpZzI2dEFwVGx5NlpFY1JQdU9FMm0yYllRZ3lfN2dhMXBjS0FmZ0gycGZieXUwQ3pWSDJ6X0U2MXVTeWpHSmpQX25VY3p1c2kxUndEa0pROUk1dVdmNjFycWdBWEJ1YnV4M1VOSDUzWFlrVkRMZ1lTdXVpR3FfUVRYTEpGbGZEUnhOVnhUQUI1LVRhX0JjdVNpUW1fdTdzZDBJZUM5UHpYMHEtRWszblVaUG93ZExMOUoxVDBYTXl5bFpiN1dWUXdZZHhRblR2eEJRaS03VzZPdkNlamRGLTdoNEFaZ3lMQUxGWi1SNmhxSQ?oc=5\" target=\"_blank\" rel=\"noopener\">\u00cele-de-France, Normandie, Mayotte\u2026 La grippe s\u2019installe dans plusieurs r\u00e9gions fran\u00e7aises<\/a>&nbsp;&nbsp;Le Parisien<\/li>\n<li><a href=\"https:\/\/news.google.com\/rss\/articles\/CBMisgFBVV95cUxPeC1kSUkwdDZlWVJQUF9GMk04TW9wQlllZUlONUdUWFpUNjhoaEx1Y2JuYW9aZUNBaGV0Njh5UWx1SkE5SUhOaUlRaVJyYUk3RVhXdm50OHdwTEcxV0FQRElxbG5xTnRHU3V2bENTNk52MWFnQWMtNGtybWdlcjVHNDhQM0ZVNTFLcnVWeHliMFhNbUxZRlF6WFNxcVdTaHRMa2l2VjgxeUlwcHhNSFdrSlZR?oc=5\" target=\"_blank\" rel=\"noopener\">L\u2019\u00e9pid\u00e9mie de grippe commence \u00e0 arriver dans l&rsquo;Hexagone<\/a>&nbsp;&nbsp;Le Figaro Sant\u00e9<\/li>\n<li><a href=\"https:\/\/news.google.com\/rss\/articles\/CBMixgJBVV95cUxOYjFpZjlhdUdrR2EtV0VwR21QNVN0TlN3Wm5PQkRtLTlaZzAybklNRERUYV9kTXhvWU1abVhxZC1tRGJ5NEVkVjdyVEFZcTFBMzZGQUtIUlFobXJ0Z2pDdmc2aVlBVF9EeTMxS0VGN0VLQzI3cUNEaU1OeUxWcTdQaWctSVd5YU5JdzhaVG1JR0U0VktreG5mejVBMHl2bDVsSjd5SjNRU0liMW03Qjl4T19VSENPVmU1WGhCbm5qUnFHS3o2NWR3cXk0WVhka2xwZm0xNGVadkE2Q01saG8wblcxd00xcVd5RVcwMlRoc2dZdmxtODBCQXlzQjBSeEx0MFd6Y3pJTlN5M2pTQlBVanVITDUxSXg4YVhxdG1vX2UyN1V1YWdzLXotbFNtMXY1Q1VPeDRYeHdWT1JfZ1RadXNId2hCZw?oc=5\" target=\"_blank\" rel=\"noopener\">Infections respiratoires aigu\u00ebs (grippe, bronchiolite, COVID-19). Bulletin du 26 novembre 2025.<\/a>&nbsp;&nbsp;Sant\u00e9 publique France<\/li>\n<li><a href=\"https:\/\/news.google.com\/rss\/articles\/CBMisAFBVV95cUxPbTl4WHBpVDBuZVVLN3RzY2hnUWthaVVydldwVGNHd0ZLTUlRM3dSbDVvOTA2NzF0cFBBcWxOTUtJYk5yN0p3S2VSU1B3blVLdjdvaERkSHRYbkhKeHRPWFpZT0hoR1JqSkpnc0VfYU5rc3NJSnpfdTk5SDd6LVlhajVucnB2YkotV09weGZhc2JDMFJNUEZfWUNiR3k2YzJpQ0dDcFZQMHVNZFc3Z19GbA?oc=5\" target=\"_blank\" rel=\"noopener\">Maladie : La grippe saisonni\u00e8re fait progressivement son retour dans l\u2019Hexagone<\/a>&nbsp;&nbsp;20 Minutes<\/li>\n<li><a href=\"https:\/\/news.google.com\/rss\/articles\/CBMitAFBVV95cUxPOG5WazJSTkRDNVFJN3F2WkJSS2h2ZVJHaFJDZU5OZkRNcTJMbWlMWkxLUWUyVVpyTHo3ZnlzT1MtRGNNT2N2VFA1aE9Kc2F3TFYwcWl3U1VELUxUMG5fekRFTU1tYUxBZ2JsN0NUby1qYWh4MVBJR3hQMGJDc1ZldjlrdElyalUteHhtU2xzSHA5Zk1pOUpIRjZESzZYbjBLMGgzZ09ud01Gb0Y3eEswYm5LUHU?oc=5\" target=\"_blank\" rel=\"noopener\">Grippe: plusieurs r\u00e9gions m\u00e9tropolitaines en phase de pr\u00e9-\u00e9pid\u00e9mie<\/a>&nbsp;&nbsp;BFM<\/li>\n<\/ol>\n","protected":false},"excerpt":{"rendered":"\u00cele-de-France, Normandie, Mayotte\u2026 La grippe s\u2019installe dans plusieurs r\u00e9gions fran\u00e7aises&nbsp;&nbsp;Le Parisien L\u2019\u00e9pid\u00e9mie de grippe commence \u00e0 arriver dans&hellip;\n","protected":false},"author":2,"featured_media":395849,"comment_status":"","ping_status":"","sticky":false,"template":"","format":"standard","meta":{"footnotes":""},"categories":[10],"tags":[1011,27,72,71],"class_list":{"0":"post-561492","1":"post","2":"type-post","3":"status-publish","4":"format-standard","5":"has-post-thumbnail","7":"category-sante","8":"tag-fr","9":"tag-france","10":"tag-health","11":"tag-sante"},"share_on_mastodon":{"url":"https:\/\/pubeurope.com\/@fr\/115619840868844871","error":""},"_links":{"self":[{"href":"https:\/\/www.europesays.com\/fr\/wp-json\/wp\/v2\/posts\/561492","targetHints":{"allow":["GET"]}}],"collection":[{"href":"https:\/\/www.europesays.com\/fr\/wp-json\/wp\/v2\/posts"}],"about":[{"href":"https:\/\/www.europesays.com\/fr\/wp-json\/wp\/v2\/types\/post"}],"author":[{"embeddable":true,"href":"https:\/\/www.europesays.com\/fr\/wp-json\/wp\/v2\/users\/2"}],"replies":[{"embeddable":true,"href":"https:\/\/www.europesays.com\/fr\/wp-json\/wp\/v2\/comments?post=561492"}],"version-history":[{"count":0,"href":"https:\/\/www.europesays.com\/fr\/wp-json\/wp\/v2\/posts\/561492\/revisions"}],"wp:featuredmedia":[{"embeddable":true,"href":"https:\/\/www.europesays.com\/fr\/wp-json\/wp\/v2\/media\/395849"}],"wp:attachment":[{"href":"https:\/\/www.europesays.com\/fr\/wp-json\/wp\/v2\/media?parent=561492"}],"wp:term":[{"taxonomy":"category","embeddable":true,"href":"https:\/\/www.europesays.com\/fr\/wp-json\/wp\/v2\/categories?post=561492"},{"taxonomy":"post_tag","embeddable":true,"href":"https:\/\/www.europesays.com\/fr\/wp-json\/wp\/v2\/tags?post=561492"}],"curies":[{"name":"wp","href":"https:\/\/api.w.org\/{rel}","templated":true}]}}