{"id":561499,"date":"2025-11-27T04:49:14","date_gmt":"2025-11-27T04:49:14","guid":{"rendered":"https:\/\/www.europesays.com\/fr\/561499\/"},"modified":"2025-11-27T04:49:14","modified_gmt":"2025-11-27T04:49:14","slug":"pourquoi-cet-accord-entre-le-gouvernement-et-le-champion-de-lia-doctrine-fait-grincer-des-dents","status":"publish","type":"post","link":"https:\/\/www.europesays.com\/fr\/561499\/","title":{"rendered":"Pourquoi cet accord entre le gouvernement et le champion de l\u2019IA Doctrine fait grincer des dents"},"content":{"rendered":"<p>        <img decoding=\"async\" loading=\"lazy\" src=\"https:\/\/www.europesays.com\/fr\/wp-content\/uploads\/2025\/11\/88cc3e1_upload-1-8ylfsaou5yzc-capture-d-ecran-2025-11-26-205327.png\"  width=\"728\" height=\"409\" alt=\"Le ministre d\u00e9l\u00e9gu\u00e9 de la Fonction publique, David Amiel, et le pr\u00e9sident de Doctrine, Guillaume Carr\u00e8re, ont sign\u00e9 un accord pour doter les juristes d\u2019outils d\u2019IA.\"\/>  <\/p>\n<p>LinkedIn<\/p>\n<p>Le ministre d\u00e9l\u00e9gu\u00e9 de la Fonction publique, David Amiel, et le pr\u00e9sident de Doctrine, Guillaume Carr\u00e8re, ont sign\u00e9 un accord pour doter les juristes d\u2019outils d\u2019IA.<\/p>\n<p class=\"asset asset-text\">Ce partenariat est de mauvais augure, pour ses d\u00e9tracteurs. Un accord entre le gouvernement et Doctrine, une <a href=\"https:\/\/www.huffingtonpost.fr\/tech-futurs\/video\/cette-start-up-cachait-700-humains-derriere-son-intelligence-artificielle_250927.html\" target=\"_blank\" rel=\"noopener\">entreprise<\/a> fran\u00e7aise de l\u2019<a href=\"https:\/\/www.huffingtonpost.fr\/tech-futurs\/article\/comment-l-intelligence-artificielle-renforce-les-stereotypes-de-genre-et-penalise-les-femmes-clx1_256859.html\" target=\"_blank\" rel=\"noopener\">IA <\/a>dans le secteur juridique, qui va \u00e9quiper des agents de l\u2019\u00c9tat, fait grincer des dents un secteur qui pointe une r\u00e9cente condamnation pour concurrence d\u00e9loyale de cette entreprise d\u00e9tenue par un fonds am\u00e9ricain.<\/p>\n<p class=\"asset asset-text\">La lettre d\u2019engagement sign\u00e9e mardi par le ministre d\u00e9l\u00e9gu\u00e9 de la Fonction publique, David Amiel, et le pr\u00e9sident de Doctrine, Guillaume Carr\u00e8re, n\u2019est pas pass\u00e9e inaper\u00e7ue dans le monde de l\u2019\u00e9dition juridique.<\/p>\n<p class=\"asset asset-text\">D\u2019apr\u00e8s cet accord, l\u2019entreprise\u00a0qui collabore avec le minist\u00e8re de l\u2019Int\u00e9rieur et revendique plusieurs centaines d\u2019entit\u00e9s publiques partenaires va fournir aux juristes de l\u2019\u00c9tat des outils d\u2019intelligence artificielle pour \u00ab\u00a0simplifier\u00a0\u00bb certaines missions, selon un communiqu\u00e9 du minist\u00e8re de la Fonction publique et de Doctrine.<\/p>\n<p>    \u00ab\u00a0Lobbying\u00a0\u00bb et \u00ab\u00a0concurrence d\u00e9loyale\u00a0\u00bb    <\/p>\n<p class=\"asset asset-text\">Les agents b\u00e9n\u00e9ficieront de formations d\u00e9di\u00e9es \u00e0 ces \u00ab\u00a0solutions\u00a0\u00bb technologiques. Toutefois, le co\u00fbt total de l\u2019op\u00e9ration n\u2019est pas d\u00e9fini, le nombre d\u2019agents \u00e9quip\u00e9s n\u2019est pas connu, et les outils mis \u00e0 disposition n\u2019ont pas \u00e9t\u00e9 d\u00e9taill\u00e9s.<\/p>\n<p class=\"asset asset-text\">En outre, l\u2019assurance du minist\u00e8re que l\u2019accord n\u2019est \u00ab\u00a0pas exclusif\u00a0\u00bb et l\u2019invitation lanc\u00e9e aux entreprises du secteur \u00e0 formuler des offres sont loin de rassurer.<\/p>\n<p> La lecture de ce contenu est susceptible d\u2019entra\u00eener un d\u00e9p\u00f4t de cookies de la part de l\u2019op\u00e9rateur tiers qui l\u2019h\u00e9berge. Compte-tenu des choix que vous avez exprim\u00e9s en mati\u00e8re de d\u00e9p\u00f4t de cookies, nous avons bloqu\u00e9 l\u2019affichage de ce contenu. Si vous souhaitez y acc\u00e9der, vous devez accepter la cat\u00e9gorie de cookies \u201cContenus tiers\u201d en cliquant sur le bouton ci-dessous. <\/p>\n<p> Lire la Vid\u00e9o            <\/p>\n<p class=\"asset asset-text\">\u00ab\u00a0Je suis tomb\u00e9 de ma chaise\u00a0\u00bb, l\u00e2che Denis Berthault, directeur du d\u00e9veloppement des contenus chez Lexisnexis, joint par l\u2019AFP, tandis que Fabien Girard, pr\u00e9sident du directoire de Lexibase, y voit \u00ab\u00a0le r\u00e9sultat logique d\u2019un lobbying permanent de cette entreprise aupr\u00e8s des pouvoirs publics\u00a0\u00bb.<\/p>\n<p class=\"asset asset-text\">Surtout, ils pointent la r\u00e9cente condamnation de la soci\u00e9t\u00e9 qui d\u00e9tient Doctrine.fr pour \u00ab\u00a0concurrence d\u00e9loyale\u00a0\u00bb.<\/p>\n<p>                     Donn\u00e9es publiques    <\/p>\n<p class=\"asset asset-text\">En mai, cinq grands \u00e9diteurs juridiques, dont Dalloz, Lexisnexis, et Lexibase, l\u2019avaient emport\u00e9 en appel, et la justice avait conclu \u00e0 \u00ab\u00a0des pr\u00e9somptions graves, pr\u00e9cises et concordantes\u00a0\u00bb selon lesquelles Forseti, la soci\u00e9t\u00e9 exploitante de Doctrine.fr, s\u2019est\u00a0\u00ab\u00a0procur\u00e9 des centaines de milliers de d\u00e9cisions de justice des tribunaux administratifs\u00a0\u00bb, et \u00ab\u00a0des centaines de milliers de d\u00e9cisions aupr\u00e8s des tribunaux judiciaires de premi\u00e8re instance de mani\u00e8re illicite\u00a0\u00bb.<\/p>\n<p class=\"asset asset-text\">Ce site internet \u00e9tait accus\u00e9 par ses concurrents d\u2019avoir pill\u00e9 leurs bases de donn\u00e9es, que ces \u00e9diteurs avaient constitu\u00e9es en s\u2019adressant aux greffes des tribunaux.<\/p>\n<p class=\"asset asset-text\">Avec ce partenariat, \u00ab\u00a0on disculpe m\u00e9diatiquement un acteur qui continue \u00e0 diffuser des donn\u00e9es vol\u00e9es, et on le recommande aux fonctionnaires de l\u2019Etat\u00a0\u00bb, estime Denis Berthault, regrettant que la justice n\u2019ait pas demand\u00e9 \u00e0 l\u2019entreprise de supprimer ces donn\u00e9es, un point que souligne Doctrine aupr\u00e8s de l\u2019AFP.<\/p>\n<p>                     \u00ab\u00a0La proc\u00e9dure judiciaire a \u00e9t\u00e9 cl\u00f4tur\u00e9e\u00a0\u00bb    <\/p>\n<p class=\"asset asset-text\">Le \u00ab\u00a0contentieux commercial fait partie de la vie des entreprises \u00e0 succ\u00e8s\u00a0\u00bb, \u00ab\u00a0et nous comprenons que la croissance de Doctrine puisse susciter de l\u2019inconfort\u00a0\u00bb, a r\u00e9agi l\u2019entreprise aupr\u00e8s de l\u2019AFP.<\/p>\n<p class=\"asset asset-text\">\u00ab\u00a0La proc\u00e9dure judiciaire a \u00e9t\u00e9 cl\u00f4tur\u00e9e\u00a0\u00bb, r\u00e9pond de son c\u00f4t\u00e9 le minist\u00e8re de la Fonction publique, assurant que le \u00ab\u00a0respect strict des r\u00e8gles de la commande publique s\u2019appliquera \u00e0 toute mise en oeuvre future\u00a0\u00bb.<\/p>\n<p class=\"asset asset-text\">Mais pour Fabien Girard, le partenariat est de mauvais augure pour de futurs appels d\u2019offres. \u00ab\u00a0Vous imaginez la puissance du postulant (Doctrine, NDLR) \u00e9tant donn\u00e9 qu\u2019il a une lettre d\u2019intention\u00a0?\u00a0\u00bb, interroge-t-il.<\/p>\n<p class=\"asset asset-text\">L\u2019entreprise pourrait b\u00e9n\u00e9ficier \u00ab\u00a0d\u2019informations privil\u00e9gi\u00e9es\u00a0\u00bb \u00e0 la faveur de ce partenariat, mais \u00ab\u00a0tout contrat qui fait plus de 100.000 euros doit passer par un appel d\u2019offres\u00a0\u00bb pour \u00eatre conforme \u00e0 la loi, assure une source interne chez Lefebvre-Dalloz, sous couvert de l\u2019anonymat.<\/p>\n<p>    Pavillon am\u00e9ricain    <\/p>\n<p class=\"asset asset-text\">Elle estime \u00ab\u00a0choquant qu\u2019on fasse confiance \u00e0 une entreprise dont la majorit\u00e9 de l\u2019actionnariat est d\u00e9tenue par un fonds am\u00e9ricain quand on pr\u00f4ne la souverainet\u00e9\u00a0\u00bb, et \u00e9voque des \u00ab\u00a0risques de ventes \u00e0 d\u2019autres fonds\u00a0\u00bb \u00e9trangers.<\/p>\n<p class=\"asset asset-text\">Cr\u00e9\u00e9 en 2016, Doctrine.fr a connu une forte croissance et a lev\u00e9 10 millions d\u2019euros en juin 2018 aupr\u00e8s du fonds Otium Venture et de Xavier Niel, le patron d\u2019Iliad, maison m\u00e8re de Free.<\/p>\n<p class=\"asset asset-text\">En 2023, Forseti, la soci\u00e9t\u00e9 exploitante de Doctrine.fr, a annonc\u00e9 \u00eatre pass\u00e9e sous le contr\u00f4le du fonds d\u2019investissement am\u00e9ricain Summit Partners, bas\u00e9 \u00e0 Boston, qui revendique 45 milliards de dollars d\u2019actifs sous gestion dans le monde.<\/p>\n<p class=\"asset asset-text\">Il d\u00e9clare \u00eatre pr\u00e9sent au capital de \u00ab\u00a0550 entreprises\u00a0\u00bb, notamment dans les domaines de la technologie et de la sant\u00e9, et compte parmi les plus connues l\u2019am\u00e9ricain Uber et le fran\u00e7ais Veepee (ex Ventes priv\u00e9es.com).<\/p>\n<p class=\"asset asset-text\">\u00ab\u00a0Summit Partners est un fonds am\u00e9ricain, mais c\u2019est la partie europ\u00e9enne qui a investi dans Doctrine\u00a0\u00bb qui \u00ab\u00a0n\u2019est aucunement soumise au droit am\u00e9ricain\u00a0\u00bb, indique l\u2019entreprise.<\/p>\n","protected":false},"excerpt":{"rendered":"LinkedIn Le ministre d\u00e9l\u00e9gu\u00e9 de la Fonction publique, David Amiel, et le pr\u00e9sident de Doctrine, Guillaume Carr\u00e8re, ont&hellip;\n","protected":false},"author":2,"featured_media":561500,"comment_status":"","ping_status":"","sticky":false,"template":"","format":"standard","meta":{"footnotes":""},"categories":[6],"tags":[35,33,34,1011,27,223,316,16033],"class_list":{"0":"post-561499","1":"post","2":"type-post","3":"status-publish","4":"format-standard","5":"has-post-thumbnail","7":"category-economie","8":"tag-business","9":"tag-economie","10":"tag-economy","11":"tag-fr","12":"tag-france","13":"tag-intelligence-artificielle","14":"tag-politique","15":"tag-tech"},"share_on_mastodon":{"url":"","error":""},"_links":{"self":[{"href":"https:\/\/www.europesays.com\/fr\/wp-json\/wp\/v2\/posts\/561499","targetHints":{"allow":["GET"]}}],"collection":[{"href":"https:\/\/www.europesays.com\/fr\/wp-json\/wp\/v2\/posts"}],"about":[{"href":"https:\/\/www.europesays.com\/fr\/wp-json\/wp\/v2\/types\/post"}],"author":[{"embeddable":true,"href":"https:\/\/www.europesays.com\/fr\/wp-json\/wp\/v2\/users\/2"}],"replies":[{"embeddable":true,"href":"https:\/\/www.europesays.com\/fr\/wp-json\/wp\/v2\/comments?post=561499"}],"version-history":[{"count":0,"href":"https:\/\/www.europesays.com\/fr\/wp-json\/wp\/v2\/posts\/561499\/revisions"}],"wp:featuredmedia":[{"embeddable":true,"href":"https:\/\/www.europesays.com\/fr\/wp-json\/wp\/v2\/media\/561500"}],"wp:attachment":[{"href":"https:\/\/www.europesays.com\/fr\/wp-json\/wp\/v2\/media?parent=561499"}],"wp:term":[{"taxonomy":"category","embeddable":true,"href":"https:\/\/www.europesays.com\/fr\/wp-json\/wp\/v2\/categories?post=561499"},{"taxonomy":"post_tag","embeddable":true,"href":"https:\/\/www.europesays.com\/fr\/wp-json\/wp\/v2\/tags?post=561499"}],"curies":[{"name":"wp","href":"https:\/\/api.w.org\/{rel}","templated":true}]}}