{"id":5615,"date":"2025-04-06T15:35:15","date_gmt":"2025-04-06T15:35:15","guid":{"rendered":"https:\/\/www.europesays.com\/fr\/5615\/"},"modified":"2025-04-06T15:35:15","modified_gmt":"2025-04-06T15:35:15","slug":"un-petit-foot-a-deux-par-philippe-trias","status":"publish","type":"post","link":"https:\/\/www.europesays.com\/fr\/5615\/","title":{"rendered":"\u00ab\u00a0Un petit foot \u00e0 deux\u00a0\u00bb par Philippe Trias"},"content":{"rendered":"<p>Ce mercredi apr\u00e8s-midi, alors que je traversais le parvis de l\u2019ancienne \u00e9cole Marcel-Berger, je suis tomb\u00e9 sur deux cousins en pleine partie d\u2019un foot endiabl\u00e9. Mon appareil photo sous le bras, j\u2019ai eu vite fait de saisir cette sc\u00e8ne qui m\u2019a paru presque surr\u00e9aliste \u00e0 l\u2019\u00e8re du num\u00e9rique et des r\u00e9seaux sociaux. En effet, depuis quelque temps, il me semble voir moins d\u2019enfants dans la rue, ne plus entendre les cris stridents d\u2019un but marqu\u00e9 entre deux poteaux de fortune faits de vestes et de pulls ou le va-et-vient des tours de bicyclette autour du quartier.<\/p>\n<p>Un brin de nostalgie m\u2019a envahi, le sentiment d\u2019avoir profit\u00e9 d\u2019une plus grande libert\u00e9 dans l\u2019insouciance de mes jeunes ann\u00e9es. Sur le sweat du plus grand des enfants, il est floqu\u00e9 le message \u00ab\u00a0de bonne humeur\u00a0\u00bb et je le confirme, les deux l\u2019\u00e9taient. Dans les rires et les cris, je me suis \u00e9loign\u00e9, heureux d\u2019avoir saisi ce moment d\u2019une franche camaraderie.<\/p>\n<p class=\"note\">Photo r\u00e9alis\u00e9e avec un Leica m et une focale de 35\u00a0mm, une vitesse d\u2019obturation de 1\/370 s \u00e0 f\/10 et une sensibilit\u00e9 de 800 ISO.<\/p>\n","protected":false},"excerpt":{"rendered":"Ce mercredi apr\u00e8s-midi, alors que je traversais le parvis de l\u2019ancienne \u00e9cole Marcel-Berger, je suis tomb\u00e9 sur deux&hellip;\n","protected":false},"author":2,"featured_media":5616,"comment_status":"","ping_status":"","sticky":false,"template":"","format":"standard","meta":{"footnotes":""},"categories":[1358],"tags":[1348,1384,1385,1687,1386,58,2274,59,1011,27,1826,3352],"class_list":{"0":"post-5615","1":"post","2":"type-post","3":"status-publish","4":"format-standard","5":"has-post-thumbnail","7":"category-arts-et-design","8":"tag-arts","9":"tag-arts-and-design","10":"tag-arts-et-design","11":"tag-culture-loisirs","12":"tag-design","13":"tag-divertissement","14":"tag-edition-jura-sud","15":"tag-entertainment","16":"tag-fr","17":"tag-france","18":"tag-jura","19":"tag-lons-le-saunier"},"share_on_mastodon":{"url":"https:\/\/pubeurope.com\/@fr\/114291757777916360","error":""},"_links":{"self":[{"href":"https:\/\/www.europesays.com\/fr\/wp-json\/wp\/v2\/posts\/5615","targetHints":{"allow":["GET"]}}],"collection":[{"href":"https:\/\/www.europesays.com\/fr\/wp-json\/wp\/v2\/posts"}],"about":[{"href":"https:\/\/www.europesays.com\/fr\/wp-json\/wp\/v2\/types\/post"}],"author":[{"embeddable":true,"href":"https:\/\/www.europesays.com\/fr\/wp-json\/wp\/v2\/users\/2"}],"replies":[{"embeddable":true,"href":"https:\/\/www.europesays.com\/fr\/wp-json\/wp\/v2\/comments?post=5615"}],"version-history":[{"count":0,"href":"https:\/\/www.europesays.com\/fr\/wp-json\/wp\/v2\/posts\/5615\/revisions"}],"wp:featuredmedia":[{"embeddable":true,"href":"https:\/\/www.europesays.com\/fr\/wp-json\/wp\/v2\/media\/5616"}],"wp:attachment":[{"href":"https:\/\/www.europesays.com\/fr\/wp-json\/wp\/v2\/media?parent=5615"}],"wp:term":[{"taxonomy":"category","embeddable":true,"href":"https:\/\/www.europesays.com\/fr\/wp-json\/wp\/v2\/categories?post=5615"},{"taxonomy":"post_tag","embeddable":true,"href":"https:\/\/www.europesays.com\/fr\/wp-json\/wp\/v2\/tags?post=5615"}],"curies":[{"name":"wp","href":"https:\/\/api.w.org\/{rel}","templated":true}]}}