{"id":561501,"date":"2025-11-27T04:50:13","date_gmt":"2025-11-27T04:50:13","guid":{"rendered":"https:\/\/www.europesays.com\/fr\/561501\/"},"modified":"2025-11-27T04:50:13","modified_gmt":"2025-11-27T04:50:13","slug":"lambassadeur-russe-en-moldavie-tombe-nez-a-nez-sur-un-drone-recupere-la-veille-dans-un-village-moldave-apres-avoir-viole-lespace-aerien-de-ce-pays-pro-europeen","status":"publish","type":"post","link":"https:\/\/www.europesays.com\/fr\/561501\/","title":{"rendered":"L\u2019ambassadeur russe en Moldavie tombe nez \u00e0 nez sur un drone r\u00e9cup\u00e9r\u00e9 la veille dans un village moldave apr\u00e8s avoir viol\u00e9 l\u2019espace a\u00e9rien de ce pays pro-europ\u00e9en"},"content":{"rendered":"<p>\n                                                                La Moldavie a d\u00e9nonc\u00e9 d\u2019une mani\u00e8re peu diplomatique la violation de son espace a\u00e9rien par des drones russes.\n                            <\/p>\n<p>La Moldavie, dont les dirigeants sont pro-europ\u00e9ens, a condamn\u00e9, d\u00e8s mardi, la violation de son espace a\u00e9rien par plusieurs drones russes. \u00ab\u00a0Nous condamnons fermement la grave violation de l\u2019espace a\u00e9rien moldave par de multiples drones, dont un qui s\u2019est \u00e9cras\u00e9 \u00e0 Cuhure\u0219tii de Jos, mettant en danger nos citoyens\u00a0\u00bb, avait tweet\u00e9, mardi, le ministre des Affaires \u00e9trang\u00e8res moldave. \u00ab\u00a0L\u2019ambassadeur de Russie sera convoqu\u00e9 demain pour obtenir des explications\u00a0\u00bb.<\/p>\n<p>Et comme promis, l\u2019ambassadeur russe \u00e0 Chi\u0219in\u0103u a \u00e9t\u00e9 convoqu\u00e9 ce mercredi. \u00ab\u00a0Le ministre lui a remis une note de protestation suite \u00e0 la violation ill\u00e9gale de l\u2019espace a\u00e9rien moldave par six drones russes\u00a0\u00bb, pr\u00e9cisait la diplomatie moldave. \u00ab\u00a0De tels agissements portent gravement atteinte \u00e0 notre souverainet\u00e9 et mettent en p\u00e9ril la s\u00e9curit\u00e9 nationale et r\u00e9gionale. Nous exigeons des mesures pour emp\u00eacher toute r\u00e9cidive\u00a0\u00bb.<\/p>\n<p>Devant les journalistes, le ministre Mihai Pop\u0219oi a remis en question la photo d\u2019un des drones qui s\u2019\u00e9tait \u00e9cras\u00e9 dans le village de Cuhure\u0219tii de Jos\u00a0: \u00ab\u00a0Regardez cette photo, s\u2019il vous pla\u00eet. Mais croyez-vous vraiment ce qu\u2019ils disent, que ce drone est simplement tomb\u00e9 en panne de carburant\u00a0? Et qu\u2019il a atterri sur un toit sans se d\u00e9truire ni endommager quoi que ce soit aux alentours\u00a0? Y croyez-vous vraiment\u00a0?\u00a0\u00bb<\/p>\n<blockquote data-class=\"twitter-tweet\">\n<p lang=\"en\" dir=\"ltr\">\\ud83c\\uddf2\\ud83c\\udde9<a href=\"https:\/\/twitter.com\/MoldovaMFA?ref_src=twsrc%5Etfw\" target=\"_blank\" rel=\"noopener\">@MoldovaMFA<\/a> summoned Russia\u2019s appointed ambassador and delivered a protest note after six Russian drones illegally violated Moldova\u2019s airspace. Such actions gravely breach our sovereignty &amp; endanger national &amp; regional security. We demanded steps to prevent any recurrence. <a href=\"https:\/\/t.co\/Rbt5RUfEvF\">pic.twitter.com\/Rbt5RUfEvF<\/a><\/p>\n<p>\u2014 Mihai Pop\u0219oi (@MihaiPopsoi) <a href=\"https:\/\/twitter.com\/MihaiPopsoi\/status\/1993660381609459942?ref_src=twsrc%5Etfw\" target=\"_blank\" rel=\"noopener\">November 26, 2025<\/a><\/p><\/blockquote>\n<p>Mais alors qu\u2019il quittait le b\u00e2timent, l\u2019ambassadeur russe a eu la surprise de devoir contourner un des objets du d\u00e9lit. En effet, les services moldaves avaient plac\u00e9 dans les escaliers le drone r\u00e9cup\u00e9r\u00e9 dans le village de Cuhure\u0219tii de Jos de mani\u00e8re \u00e0 ce que l\u2019ambassadeur se retrouve nez \u00e0 nez avec l\u2019objet volant.<\/p>\n<p>Une mise en sc\u00e8ne peu diplomatique de la part de la Moldavie qui souhaitait montrer\u00a0\u00e0 sa population et \u00e0 la communaut\u00e9 internationale la v\u00e9racit\u00e9 des accusations\u00a0port\u00e9es contre Moscou.<\/p>\n<p>                                                                                                                                                                                                        <script async src=\"https:\/\/platform.twitter.com\/widgets.js\" charset=\"utf-8\"><\/script><\/p>\n","protected":false},"excerpt":{"rendered":"La Moldavie a d\u00e9nonc\u00e9 d\u2019une mani\u00e8re peu diplomatique la violation de son espace a\u00e9rien par des drones russes.&hellip;\n","protected":false},"author":2,"featured_media":561502,"comment_status":"","ping_status":"","sticky":false,"template":"","format":"standard","meta":{"footnotes":""},"categories":[5],"tags":[11,1011,27,14,12,28],"class_list":{"0":"post-561501","1":"post","2":"type-post","3":"status-publish","4":"format-standard","5":"has-post-thumbnail","7":"category-international","8":"tag-actualites","9":"tag-fr","10":"tag-france","11":"tag-international","12":"tag-news","13":"tag-world"},"share_on_mastodon":{"url":"https:\/\/pubeurope.com\/@fr\/115619864693920610","error":""},"_links":{"self":[{"href":"https:\/\/www.europesays.com\/fr\/wp-json\/wp\/v2\/posts\/561501","targetHints":{"allow":["GET"]}}],"collection":[{"href":"https:\/\/www.europesays.com\/fr\/wp-json\/wp\/v2\/posts"}],"about":[{"href":"https:\/\/www.europesays.com\/fr\/wp-json\/wp\/v2\/types\/post"}],"author":[{"embeddable":true,"href":"https:\/\/www.europesays.com\/fr\/wp-json\/wp\/v2\/users\/2"}],"replies":[{"embeddable":true,"href":"https:\/\/www.europesays.com\/fr\/wp-json\/wp\/v2\/comments?post=561501"}],"version-history":[{"count":0,"href":"https:\/\/www.europesays.com\/fr\/wp-json\/wp\/v2\/posts\/561501\/revisions"}],"wp:featuredmedia":[{"embeddable":true,"href":"https:\/\/www.europesays.com\/fr\/wp-json\/wp\/v2\/media\/561502"}],"wp:attachment":[{"href":"https:\/\/www.europesays.com\/fr\/wp-json\/wp\/v2\/media?parent=561501"}],"wp:term":[{"taxonomy":"category","embeddable":true,"href":"https:\/\/www.europesays.com\/fr\/wp-json\/wp\/v2\/categories?post=561501"},{"taxonomy":"post_tag","embeddable":true,"href":"https:\/\/www.europesays.com\/fr\/wp-json\/wp\/v2\/tags?post=561501"}],"curies":[{"name":"wp","href":"https:\/\/api.w.org\/{rel}","templated":true}]}}