{"id":561505,"date":"2025-11-27T04:52:23","date_gmt":"2025-11-27T04:52:23","guid":{"rendered":"https:\/\/www.europesays.com\/fr\/561505\/"},"modified":"2025-11-27T04:52:23","modified_gmt":"2025-11-27T04:52:23","slug":"rixe-entre-supporters-anglais-et-marseillais-en-rentrant-a-lhotel","status":"publish","type":"post","link":"https:\/\/www.europesays.com\/fr\/561505\/","title":{"rendered":"rixe entre supporters anglais et marseillais en rentrant \u00e0 l\u2019h\u00f4tel"},"content":{"rendered":"<p>Si plusieurs supporters de Newcastle et journalistes anglais ont salu\u00e9 l\u2019<a href=\"https:\/\/www.laprovence.com\/article\/om\/1059301508002814\/om-newcastle-2-1-quand-le-public-marseillais-impressionne-les-anglais\" target=\"_blank\" rel=\"noopener\">ambiance<\/a> mise par les fid\u00e8les de l\u2019<a href=\"https:\/\/www.laprovence.com\/om\" target=\"_blank\" rel=\"noopener\">OM<\/a> mardi 25\u00a0novembre lors du <strong>match crucial<\/strong> pour la campagne de leur \u00e9quipe de c\u0153ur en <a href=\"https:\/\/www.laprovence.com\/article\/sports\/19476896419837\/football-le-trophee-de-la-ligue-des-champions-expose-a-la-fnac-du-centre-bourse-a-marseille\" target=\"_blank\" rel=\"noopener\">Ligue des champions<\/a>, le climat s\u2019est av\u00e9r\u00e9 <strong>nettement moins festif<\/strong> un peu plus tard dans la soir\u00e9e. Au point d\u2019ailleurs que les \u00e9chauffour\u00e9es signal\u00e9es au 17 n\u00e9cessitent l\u2019intervention de la police dans le 2e arrondissement de <a href=\"https:\/\/www.laprovence.com\/bouches-du-rhone\/marseille-13055\" target=\"_blank\" rel=\"noopener\">Marseille<\/a>.<\/p>\n<p>\u00c0 coups de ceinture<\/p>\n<p>Selon des informations recueillies par <a href=\"https:\/\/www.laprovence.com\/\" target=\"_blank\" rel=\"noopener\">La Provence<\/a>, une rixe a en effet \u00e9clat\u00e9 sur l\u2019avenue de Dunkerque, dans la soir\u00e9e du 25\u00a0novembre. Trois supporters de l\u2019OM et 6 supporters de <a href=\"https:\/\/www.laprovence.com\/article\/om\/15624656470728\/om-newcastle-tout-sur-les-mesures-prises-et-le-dispositif-deploye-pour-encadrer-la-venue-des-3300-supporters-anglais\" target=\"_blank\" rel=\"noopener\">Newcastle<\/a> s\u2019en sont pris les uns aux autres <strong>\u00e0 coups de ceinture<\/strong>. \u00c0 leur arriv\u00e9e sur les lieux, les <a href=\"https:\/\/www.laprovence.com\/article\/faits-divers-justice\/57411572701344\/les-crs-reviennent-de-facon-permanente-dans-les-quartiers-sensibles-d-avignon-et-de-vaucluse\" target=\"_blank\" rel=\"noopener\">CRS<\/a> envoy\u00e9s sur place n\u2019ont plus trouv\u00e9 personne. Les bellig\u00e9rants anglais avaient regagn\u00e9 leurs chambres au Novotel et les Marseillais avaient d\u00e9j\u00e0 quitt\u00e9 les lieux sans demander leur reste. \u00ab\u00a0Il n\u2019y a eu aucun bless\u00e9 ni d\u00e9p\u00f4t de plainte\u00a0\u00bb indique une source polici\u00e8re.<\/p>\n","protected":false},"excerpt":{"rendered":"Si plusieurs supporters de Newcastle et journalistes anglais ont salu\u00e9 l\u2019ambiance mise par les fid\u00e8les de l\u2019OM mardi&hellip;\n","protected":false},"author":2,"featured_media":561506,"comment_status":"","ping_status":"","sticky":false,"template":"","format":"standard","meta":{"footnotes":""},"categories":[2],"tags":[17,11,13772,2834,274,1011,27,761,12,67303,67815,5510,10221],"class_list":{"0":"post-561505","1":"post","2":"type-post","3":"status-publish","4":"format-standard","5":"has-post-thumbnail","7":"category-actualites","8":"tag-17","9":"tag-actualites","10":"tag-anglais","11":"tag-entre","12":"tag-faits-divers-justice","13":"tag-fr","14":"tag-france","15":"tag-marseillais","16":"tag-news","17":"tag-om-newcastle","18":"tag-rentrant","19":"tag-rixe","20":"tag-supporters"},"share_on_mastodon":{"url":"https:\/\/pubeurope.com\/@fr\/115619872365430646","error":""},"_links":{"self":[{"href":"https:\/\/www.europesays.com\/fr\/wp-json\/wp\/v2\/posts\/561505","targetHints":{"allow":["GET"]}}],"collection":[{"href":"https:\/\/www.europesays.com\/fr\/wp-json\/wp\/v2\/posts"}],"about":[{"href":"https:\/\/www.europesays.com\/fr\/wp-json\/wp\/v2\/types\/post"}],"author":[{"embeddable":true,"href":"https:\/\/www.europesays.com\/fr\/wp-json\/wp\/v2\/users\/2"}],"replies":[{"embeddable":true,"href":"https:\/\/www.europesays.com\/fr\/wp-json\/wp\/v2\/comments?post=561505"}],"version-history":[{"count":0,"href":"https:\/\/www.europesays.com\/fr\/wp-json\/wp\/v2\/posts\/561505\/revisions"}],"wp:featuredmedia":[{"embeddable":true,"href":"https:\/\/www.europesays.com\/fr\/wp-json\/wp\/v2\/media\/561506"}],"wp:attachment":[{"href":"https:\/\/www.europesays.com\/fr\/wp-json\/wp\/v2\/media?parent=561505"}],"wp:term":[{"taxonomy":"category","embeddable":true,"href":"https:\/\/www.europesays.com\/fr\/wp-json\/wp\/v2\/categories?post=561505"},{"taxonomy":"post_tag","embeddable":true,"href":"https:\/\/www.europesays.com\/fr\/wp-json\/wp\/v2\/tags?post=561505"}],"curies":[{"name":"wp","href":"https:\/\/api.w.org\/{rel}","templated":true}]}}