{"id":561507,"date":"2025-11-27T04:53:22","date_gmt":"2025-11-27T04:53:22","guid":{"rendered":"https:\/\/www.europesays.com\/fr\/561507\/"},"modified":"2025-11-27T04:53:22","modified_gmt":"2025-11-27T04:53:22","slug":"fin-de-parcours-pour-la-compagnie-de-danse-de-firminy-a-la-france-a-un-incroyable-talent","status":"publish","type":"post","link":"https:\/\/www.europesays.com\/fr\/561507\/","title":{"rendered":"Fin de parcours pour la compagnie de danse de Firminy \u00e0 La France \u00e0 un Incroyable Talent"},"content":{"rendered":"<p><img decoding=\"async\" class=\"\" style=\"width:100%\" src=\"https:\/\/www.europesays.com\/fr\/wp-content\/uploads\/2025\/11\/1764219202_777_IMG_63061762240831418.jpg\" alt=\"La compagnie A pas de velours.\"\/><\/p>\n<p>La compagnie A pas de velours.<\/p>\n<p>Cr\u00e9dit : Instagram \/ cie.apasdevelours<\/p>\n<p>Apr\u00e8s avoir impressionn\u00e9 le jury lors des auditions, la compagnie de danse de Firminy \u00ab\u00a0A pas de velours\u00a0\u00bb \u00e9tait de retour, ce mardi soir, sur le plateau de la France a un Incroyable Talent difus\u00e9 sur la cha\u00eene M6.\u00a0 Malgr\u00e9 une tr\u00e8s belle prestation, dans l\u2019ambiance du film Le bon, la brute et le truand avec la musique d\u2019Ennio Morricone, les jeunes danseurs n&rsquo;ont pas r\u00e9ussi \u00e0 convaincre, une nouvelle fois, les jur\u00e9s compos\u00e9s d&rsquo;\u00c9ric Antoine, Marianne James, Sugar Sammy et H\u00e9l\u00e8ne S\u00e9gara. Le parcorus de la compagnie lig\u00e9rienne s&rsquo;arr\u00eate donc en quart de finale, mais avec des souvenirs plein les t\u00eates.<\/p>\n<p>Par ailleurs, au moment des d\u00e9lib\u00e9rations, le jury et humoriste qu\u00e9b\u00e9cois d\u2019origine indienne Sugar Sammy n&rsquo;a pas h\u00e9sit\u00e9 \u00e0 tacler, une nouvelle fois, la ville de Saint-Etienne : \u00ab\u00a0Je pense que c&rsquo;est le choix de la musique qui a vraiment tout g\u00e2ch\u00e9 car vous aviez tout pour un bon num\u00e9ro avec un bel hommage au far-west de la fin des ann\u00e9es 1800 o\u00f9 comme on dit dans votre ville de Saint-Etienne : le futur\u00a0\u00bb.<\/p>\n","protected":false},"excerpt":{"rendered":"La compagnie A pas de velours. Cr\u00e9dit : Instagram \/ cie.apasdevelours Apr\u00e8s avoir impressionn\u00e9 le jury lors des&hellip;\n","protected":false},"author":2,"featured_media":561508,"comment_status":"","ping_status":"","sticky":false,"template":"","format":"standard","meta":{"footnotes":""},"categories":[9653],"tags":[1111,11,2430,38730,5972,2889,1777,674,10282,1011,27,1757,67816,3367,12,25,4001,3140,1364],"class_list":{"0":"post-561507","1":"post","2":"type-post","3":"status-publish","4":"format-standard","5":"has-post-thumbnail","7":"category-saint-etienne","8":"tag-actu","9":"tag-actualites","10":"tag-auvergne-rhone-alpes","11":"tag-buzz","12":"tag-danse","13":"tag-emission","14":"tag-eu","15":"tag-europe","16":"tag-firminy","17":"tag-fr","18":"tag-france","19":"tag-insolite","20":"tag-lfauit","21":"tag-loire","22":"tag-news","23":"tag-republique-francaise","24":"tag-saint-etienne","25":"tag-spectacle","26":"tag-tv"},"share_on_mastodon":{"url":"https:\/\/pubeurope.com\/@fr\/115619877088219057","error":""},"_links":{"self":[{"href":"https:\/\/www.europesays.com\/fr\/wp-json\/wp\/v2\/posts\/561507","targetHints":{"allow":["GET"]}}],"collection":[{"href":"https:\/\/www.europesays.com\/fr\/wp-json\/wp\/v2\/posts"}],"about":[{"href":"https:\/\/www.europesays.com\/fr\/wp-json\/wp\/v2\/types\/post"}],"author":[{"embeddable":true,"href":"https:\/\/www.europesays.com\/fr\/wp-json\/wp\/v2\/users\/2"}],"replies":[{"embeddable":true,"href":"https:\/\/www.europesays.com\/fr\/wp-json\/wp\/v2\/comments?post=561507"}],"version-history":[{"count":0,"href":"https:\/\/www.europesays.com\/fr\/wp-json\/wp\/v2\/posts\/561507\/revisions"}],"wp:featuredmedia":[{"embeddable":true,"href":"https:\/\/www.europesays.com\/fr\/wp-json\/wp\/v2\/media\/561508"}],"wp:attachment":[{"href":"https:\/\/www.europesays.com\/fr\/wp-json\/wp\/v2\/media?parent=561507"}],"wp:term":[{"taxonomy":"category","embeddable":true,"href":"https:\/\/www.europesays.com\/fr\/wp-json\/wp\/v2\/categories?post=561507"},{"taxonomy":"post_tag","embeddable":true,"href":"https:\/\/www.europesays.com\/fr\/wp-json\/wp\/v2\/tags?post=561507"}],"curies":[{"name":"wp","href":"https:\/\/api.w.org\/{rel}","templated":true}]}}