{"id":561520,"date":"2025-11-27T05:00:55","date_gmt":"2025-11-27T05:00:55","guid":{"rendered":"https:\/\/www.europesays.com\/fr\/561520\/"},"modified":"2025-11-27T05:00:55","modified_gmt":"2025-11-27T05:00:55","slug":"un-maire-porte-plainte-apres-la-degradation-de-symboles-lgbt","status":"publish","type":"post","link":"https:\/\/www.europesays.com\/fr\/561520\/","title":{"rendered":"Un maire porte plainte apr\u00e8s la d\u00e9gradation de symboles LGBT"},"content":{"rendered":"<p>Mardi 25\u00a0novembre, Micha\u00ebl Delafosse, maire de Montpellier (<a href=\"https:\/\/www.20minutes.fr\/societe\/herault\/\" class=\"c-link c-link--is-underlined\" target=\"_blank\" rel=\"noopener\">H\u00e9rault<\/a>), a annonc\u00e9 avoir d\u00e9pos\u00e9 plainte contre le collectif identitaire Les Jeunes d\u2019Oc. Les militants identitaires ont pass\u00e9 le dernier week-end \u00e0 d\u00e9grader les symboles LGBT pr\u00e9sents dans la ville. Selon <a href=\"https:\/\/actu.fr\/occitanie\/montpellier_34172\/vandalisme-a-montpellier-le-groupe-identitaire-les-jeunes-d-oc-revendique-le-maire-porte-plainte_63484094.html\" target=\"_blank\" class=\"c-link c-link--is-underlined\" rel=\"noopener\">Le M\u00e9tropolitain<\/a>, une enqu\u00eate a \u00e9t\u00e9 ouverte et confi\u00e9e au service local de police judiciaire.<\/p>\n<p>L\u2019\u00e9dile socialiste voulait montrer son soutien au mouvement <a href=\"https:\/\/www.20minutes.fr\/dossier\/lgbt\" class=\"c-link c-link--is-underlined\" target=\"_blank\" rel=\"noopener\">LGBT<\/a> en affichant les couleurs arc-en-ciel dans la ville. Mais une majorit\u00e9 de ces symboles ont \u00e9t\u00e9 recouverts de peinture noire par les militants des Jeunes d\u2019Oc.<\/p>\n<p>Le maire r\u00e9clame \u00ab\u00a0une fermet\u00e9 totale\u00a0\u00bb contre les identitaires<\/p>\n<p>Ces derniers assimilent la prise de position du maire \u00e0 de \u00ab\u00a0la propagande LGBT\u00a0\u00bb. Sur les r\u00e9seaux sociaux, ils affirment \u00eatre la \u00ab\u00a0g\u00e9n\u00e9ration anti-woke\u00a0\u00bb. Cette inscription a d\u2019ailleurs \u00e9t\u00e9 retrouv\u00e9e sur le rainbow flag g\u00e9ant peint sur le parvis de la gare TGV.<\/p>\n<\/p>\n<p>Les Jeunes d\u2019Oc ont film\u00e9 leur action et publi\u00e9 les vid\u00e9os sur leurs r\u00e9seaux sociaux. On peut notamment les voir repeindre en noir les trottoirs aux couleurs LGBT de plusieurs art\u00e8res montpelli\u00e9raines, \u00e0 une heure tardive. \u00ab\u00a0Leur intol\u00e9rance et leur haine de l\u2019autre doivent trouver une fermet\u00e9 totale\u00a0\u00bb, a d\u00e9clar\u00e9 <a href=\"https:\/\/www.20minutes.fr\/politique\/michael-delafosse\/\" class=\"c-link c-link--is-underlined\" target=\"_blank\" rel=\"noopener\">Micha\u00ebl Delafosse<\/a> sur X.<\/p>\n","protected":false},"excerpt":{"rendered":"Mardi 25\u00a0novembre, Micha\u00ebl Delafosse, maire de Montpellier (H\u00e9rault), a annonc\u00e9 avoir d\u00e9pos\u00e9 plainte contre le collectif identitaire Les&hellip;\n","protected":false},"author":2,"featured_media":561521,"comment_status":"","ping_status":"","sticky":false,"template":"","format":"standard","meta":{"footnotes":""},"categories":[9599],"tags":[1111,47,11,1777,674,118,1011,27,7089,2681,9087,11241,2208,12,2680,25],"class_list":{"0":"post-561520","1":"post","2":"type-post","3":"status-publish","4":"format-standard","5":"has-post-thumbnail","7":"category-montpellier","8":"tag-actu","9":"tag-actualite","10":"tag-actualites","11":"tag-eu","12":"tag-europe","13":"tag-faits-divers","14":"tag-fr","15":"tag-france","16":"tag-herault","17":"tag-languedoc-roussillon","18":"tag-lgbt","19":"tag-michael-delafosse","20":"tag-montpellier","21":"tag-news","22":"tag-occitanie","23":"tag-republique-francaise"},"share_on_mastodon":{"url":"https:\/\/pubeurope.com\/@fr\/115619907684971731","error":""},"_links":{"self":[{"href":"https:\/\/www.europesays.com\/fr\/wp-json\/wp\/v2\/posts\/561520","targetHints":{"allow":["GET"]}}],"collection":[{"href":"https:\/\/www.europesays.com\/fr\/wp-json\/wp\/v2\/posts"}],"about":[{"href":"https:\/\/www.europesays.com\/fr\/wp-json\/wp\/v2\/types\/post"}],"author":[{"embeddable":true,"href":"https:\/\/www.europesays.com\/fr\/wp-json\/wp\/v2\/users\/2"}],"replies":[{"embeddable":true,"href":"https:\/\/www.europesays.com\/fr\/wp-json\/wp\/v2\/comments?post=561520"}],"version-history":[{"count":0,"href":"https:\/\/www.europesays.com\/fr\/wp-json\/wp\/v2\/posts\/561520\/revisions"}],"wp:featuredmedia":[{"embeddable":true,"href":"https:\/\/www.europesays.com\/fr\/wp-json\/wp\/v2\/media\/561521"}],"wp:attachment":[{"href":"https:\/\/www.europesays.com\/fr\/wp-json\/wp\/v2\/media?parent=561520"}],"wp:term":[{"taxonomy":"category","embeddable":true,"href":"https:\/\/www.europesays.com\/fr\/wp-json\/wp\/v2\/categories?post=561520"},{"taxonomy":"post_tag","embeddable":true,"href":"https:\/\/www.europesays.com\/fr\/wp-json\/wp\/v2\/tags?post=561520"}],"curies":[{"name":"wp","href":"https:\/\/api.w.org\/{rel}","templated":true}]}}