{"id":561522,"date":"2025-11-27T05:03:44","date_gmt":"2025-11-27T05:03:44","guid":{"rendered":"https:\/\/www.europesays.com\/fr\/561522\/"},"modified":"2025-11-27T05:03:44","modified_gmt":"2025-11-27T05:03:44","slug":"quatre-migrants-dorigine-irakienne-decouverts-dans-un-camion-frigorifique-au-marche-dinteret-national-de-rouen","status":"publish","type":"post","link":"https:\/\/www.europesays.com\/fr\/561522\/","title":{"rendered":"Quatre migrants d&rsquo;origine irakienne d\u00e9couverts dans un camion frigorifique au March\u00e9 d&rsquo;int\u00e9r\u00eat national de Rouen"},"content":{"rendered":"<p>C&rsquo;est une information ICI Normandie. La police a interpell\u00e9 ce lundi au march\u00e9 d&rsquo;int\u00e9r\u00eat national de Rouen, quatre migrants d&rsquo;origine irakienne. Ils se trouvaient dans un camion frigorifique de transport de fleurs originaire de Hollande et en provenance de Belgique.  <\/p>\n<p>Quatre <strong>migrants ont \u00e9t\u00e9 interpell\u00e9s<\/strong> par la police ce lundi 24 novembre, vers 23h50, au March\u00e9 d&rsquo;int\u00e9r\u00eat national de Rouen. Tous sont d&rsquo;origine irakienne. Ils se trouvaient <strong>dans un camion frigorifique hollandais qui transportait des fleurs et arrivait<\/strong>\u00a0de Belgique, apr\u00e8s un arr\u00eat par Dunkerque, dans le Nord. Ils ont \u00e9t\u00e9 remis \u00e0 la police aux fronti\u00e8res, la PAF.<\/p>\n<p>C&rsquo;est le conducteur du camion qui a donn\u00e9 l&rsquo;alerte, en entendant du bruit dans la remorque. \u00c0 l&rsquo;int\u00e9rieur, les quatre hommes d&rsquo;une trentaine d&rsquo;ann\u00e9e se seraient rendues compte gr\u00e2ce \u00e0 leur t\u00e9l\u00e9phone qu&rsquo;ils n&rsquo;allaient pas en Angleterre comme escompt\u00e9. D&rsquo;apr\u00e8s la police, ils ont grimp\u00e9 dans la remorque sur une aire d&rsquo;autoroute.<\/p>\n<p> \u00c0 lire aussi   <img decoding=\"async\" src=\"https:\/\/www.europesays.com\/fr\/wp-content\/uploads\/2025\/11\/1764219824_763_400x400\" alt=\"\" style=\"--_image-preview:url('data:image\/jpeg;base64,\/9j\/2wBDACgcHiMeGSgjISMtKygwPGRBPDc3PHtYXUlkkYCZlo+AjIqgtObDoKrarYqMyP\/L2u71\/\/\/\/m8H\/\/\/\/6\/+b9\/\/j\/2wBDASstLTw1PHZBQXb4pYyl+Pj4+Pj4+Pj4+Pj4+Pj4+Pj4+Pj4+Pj4+Pj4+Pj4+Pj4+Pj4+Pj4+Pj4+Pj4+Pj4+Pj\/wAARCAAXACoDASIAAhEBAxEB\/8QAGAAAAwEBAAAAAAAAAAAAAAAAAAECAwX\/xAAYEAEBAQEBAAAAAAAAAAAAAAAAAQIREv\/EABUBAQEAAAAAAAAAAAAAAAAAAAEC\/8QAFhEBAQEAAAAAAAAAAAAAAAAAAAER\/9oADAMBAAIRAxEAPwDmHIRxQVIuZLLXMITMq8NJD4cGud05QEKa5rbACoK1yoBSX\/\/Z');\" loading=\"lazy\" fetchpriority=\"low\" aria-hidden=\"true\" class=\"svelte-1cksh76 rounded\" onload=\"this.__e=event\" onerror=\"this.__e=event\"\/><\/p>\n","protected":false},"excerpt":{"rendered":"C&rsquo;est une information ICI Normandie. La police a interpell\u00e9 ce lundi au march\u00e9 d&rsquo;int\u00e9r\u00eat national de Rouen, quatre&hellip;\n","protected":false},"author":2,"featured_media":561523,"comment_status":"","ping_status":"","sticky":false,"template":"","format":"standard","meta":{"footnotes":""},"categories":[9587],"tags":[1111,11,1777,674,1011,27,12,5161,25,9590],"class_list":{"0":"post-561522","1":"post","2":"type-post","3":"status-publish","4":"format-standard","5":"has-post-thumbnail","7":"category-rouen","8":"tag-actu","9":"tag-actualites","10":"tag-eu","11":"tag-europe","12":"tag-fr","13":"tag-france","14":"tag-news","15":"tag-normandie","16":"tag-republique-francaise","17":"tag-rouen"},"share_on_mastodon":{"url":"https:\/\/pubeurope.com\/@fr\/115619916291565126","error":""},"_links":{"self":[{"href":"https:\/\/www.europesays.com\/fr\/wp-json\/wp\/v2\/posts\/561522","targetHints":{"allow":["GET"]}}],"collection":[{"href":"https:\/\/www.europesays.com\/fr\/wp-json\/wp\/v2\/posts"}],"about":[{"href":"https:\/\/www.europesays.com\/fr\/wp-json\/wp\/v2\/types\/post"}],"author":[{"embeddable":true,"href":"https:\/\/www.europesays.com\/fr\/wp-json\/wp\/v2\/users\/2"}],"replies":[{"embeddable":true,"href":"https:\/\/www.europesays.com\/fr\/wp-json\/wp\/v2\/comments?post=561522"}],"version-history":[{"count":0,"href":"https:\/\/www.europesays.com\/fr\/wp-json\/wp\/v2\/posts\/561522\/revisions"}],"wp:featuredmedia":[{"embeddable":true,"href":"https:\/\/www.europesays.com\/fr\/wp-json\/wp\/v2\/media\/561523"}],"wp:attachment":[{"href":"https:\/\/www.europesays.com\/fr\/wp-json\/wp\/v2\/media?parent=561522"}],"wp:term":[{"taxonomy":"category","embeddable":true,"href":"https:\/\/www.europesays.com\/fr\/wp-json\/wp\/v2\/categories?post=561522"},{"taxonomy":"post_tag","embeddable":true,"href":"https:\/\/www.europesays.com\/fr\/wp-json\/wp\/v2\/tags?post=561522"}],"curies":[{"name":"wp","href":"https:\/\/api.w.org\/{rel}","templated":true}]}}