{"id":561524,"date":"2025-11-27T05:05:14","date_gmt":"2025-11-27T05:05:14","guid":{"rendered":"https:\/\/www.europesays.com\/fr\/561524\/"},"modified":"2025-11-27T05:05:14","modified_gmt":"2025-11-27T05:05:14","slug":"justice-bientot-un-centre-de-suivi-et-de-prise-en-charge-des-auteurs-de-violences-conjugales-a-grenoble","status":"publish","type":"post","link":"https:\/\/www.europesays.com\/fr\/561524\/","title":{"rendered":"Justice. Bient\u00f4t un centre de suivi et de prise en charge des auteurs de violences conjugales \u00e0 Grenoble\u00a0?"},"content":{"rendered":"<p>La lutte contre les violences conjugales passe \u00e9videmment par une meilleure prise en compte des victimes. Mais il appara\u00eet de plus en plus n\u00e9cessaire qu\u2019au-del\u00e0 de la sanction qui leur est inflig\u00e9e, les auteurs doivent eux aussi \u00eatre accompagn\u00e9s de fa\u00e7on p\u00e9dagogique et psychologique pour susciter une v\u00e9ritable prise de conscience et \u00e9viter les r\u00e9cidives. C\u2019est le but des <a href=\"https:\/\/www.ledauphine.com\/faits-divers-justice\/2022\/10\/20\/isere-violences-conjugales-des-stages-de-responsabilisation-pour-prendre-en-charge-leurs-auteurs\" target=\"_blank\" rel=\"noopener\">stages de pr\u00e9vention et de responsabilisation des auteurs<\/a> de \u201cviolences au sein du couple et sexistes\u201d, mis en place en Is\u00e8re depuis 2021.<\/p>\n<p>C\u2019est aussi celui des centres de suivi et de prise en charge des auteurs de violences conjugales (CPCA) dont le premier en Is\u00e8re a \u00e9t\u00e9 cr\u00e9\u00e9 et <a href=\"https:\/\/www.ledauphine.com\/faits-divers-justice\/2024\/11\/25\/isere-vienne-violences-conjugales-196-auteurs-pris-en-charge-par-le-cpca-depuis-mars-2022\" target=\"_blank\" rel=\"noopener\">ouvert \u00e0 Vienne<\/a> en mars\u00a02022 par\u00a0l\u2019association Rivhaj, en partenariat avec la justice, l\u2019association France Victimes 38 \u2013 Apress et les pouvoirs publics.<\/p>\n<p>Une \u00ab\u00a0solution compl\u00e9mentaire\u00a0\u00bb, comme l\u2019a soulign\u00e9 le procureur de la R\u00e9publique de Grenoble, \u00c9tienne Manteaux, lors de\u00a0<a href=\"https:\/\/www.ledauphine.com\/faits-divers-justice\/2025\/11\/26\/violences-sexistes-et-sexuelles-les-femmes-et-les-enfants-d-abord\" target=\"_blank\" rel=\"noopener\">la signature<\/a> du troisi\u00e8me \u201cProtocole d\u00e9partemental de pr\u00e9vention et de lutte contre les violences sexistes et sexuelles de l\u2019Is\u00e8re\u201d a r\u00e9uni l\u2019ensemble des partenaires institutionnels, associatifs, judiciaires, sanitaires et sociaux mardi. \u00c9tienne Manteaux esp\u00e8re \u00ab\u00a0obtenir d\u00e8s le d\u00e9but de l\u2019ann\u00e9e 2026 une antenne \u00e0 Grenoble parce que celle de Vienne fonctionne bien mais ne permet pas de couvrir la totalit\u00e9 des besoins en Is\u00e8re\u00a0\u00bb.<\/p>\n<p>Un souhait partag\u00e9 par l\u2019ensemble des signataires du protocole et notamment par\u00a0Florence Devynck, la directrice de la Caisse d\u2019allocations familiales de l\u2019Is\u00e8re qui leur a annonc\u00e9 qu\u2019ils \u00ab\u00a0pourraient b\u00e9n\u00e9ficier du soutien de la CAF de l\u2019Is\u00e8re pour le financement de ce dispositif dans le Sud-Is\u00e8re\u00a0\u00bb.<\/p>\n","protected":false},"excerpt":{"rendered":"La lutte contre les violences conjugales passe \u00e9videmment par une meilleure prise en compte des victimes. Mais il&hellip;\n","protected":false},"author":2,"featured_media":561525,"comment_status":"","ping_status":"","sticky":false,"template":"","format":"standard","meta":{"footnotes":""},"categories":[9566],"tags":[1111,11,2430,112,113,114,1777,674,274,1011,27,2731,2732,108,6225,12,25],"class_list":{"0":"post-561524","1":"post","2":"type-post","3":"status-publish","4":"format-standard","5":"has-post-thumbnail","7":"category-grenoble","8":"tag-actu","9":"tag-actualites","10":"tag-auvergne-rhone-alpes","11":"tag-edition-grenoble-agglomeration","12":"tag-edition-gresivaudan-oisans","13":"tag-edition-voiron-saint-marcellin","14":"tag-eu","15":"tag-europe","16":"tag-faits-divers-justice","17":"tag-fr","18":"tag-france","19":"tag-grenoble","20":"tag-grenoble-bassin","21":"tag-isere","22":"tag-la-matinale","23":"tag-news","24":"tag-republique-francaise"},"share_on_mastodon":{"url":"https:\/\/pubeurope.com\/@fr\/115619923578567804","error":""},"_links":{"self":[{"href":"https:\/\/www.europesays.com\/fr\/wp-json\/wp\/v2\/posts\/561524","targetHints":{"allow":["GET"]}}],"collection":[{"href":"https:\/\/www.europesays.com\/fr\/wp-json\/wp\/v2\/posts"}],"about":[{"href":"https:\/\/www.europesays.com\/fr\/wp-json\/wp\/v2\/types\/post"}],"author":[{"embeddable":true,"href":"https:\/\/www.europesays.com\/fr\/wp-json\/wp\/v2\/users\/2"}],"replies":[{"embeddable":true,"href":"https:\/\/www.europesays.com\/fr\/wp-json\/wp\/v2\/comments?post=561524"}],"version-history":[{"count":0,"href":"https:\/\/www.europesays.com\/fr\/wp-json\/wp\/v2\/posts\/561524\/revisions"}],"wp:featuredmedia":[{"embeddable":true,"href":"https:\/\/www.europesays.com\/fr\/wp-json\/wp\/v2\/media\/561525"}],"wp:attachment":[{"href":"https:\/\/www.europesays.com\/fr\/wp-json\/wp\/v2\/media?parent=561524"}],"wp:term":[{"taxonomy":"category","embeddable":true,"href":"https:\/\/www.europesays.com\/fr\/wp-json\/wp\/v2\/categories?post=561524"},{"taxonomy":"post_tag","embeddable":true,"href":"https:\/\/www.europesays.com\/fr\/wp-json\/wp\/v2\/tags?post=561524"}],"curies":[{"name":"wp","href":"https:\/\/api.w.org\/{rel}","templated":true}]}}