{"id":561532,"date":"2025-11-27T05:09:37","date_gmt":"2025-11-27T05:09:37","guid":{"rendered":"https:\/\/www.europesays.com\/fr\/561532\/"},"modified":"2025-11-27T05:09:37","modified_gmt":"2025-11-27T05:09:37","slug":"strasbourg-bientot-un-musee-numerique-avec-des-milliers-doeuvres-internationales","status":"publish","type":"post","link":"https:\/\/www.europesays.com\/fr\/561532\/","title":{"rendered":"Strasbourg. Bient\u00f4t un mus\u00e9e num\u00e9rique avec des milliers d&rsquo;\u0153uvres internationales"},"content":{"rendered":"<p class=\"wp-block-post-excerpt__excerpt\">L\u2019association La Cybergrange aimerait ouvrir une \u00ab\u00a0micro-folie\u00a0\u00bb dans l\u2019enceinte du Shadok \u00e0 Strasbourg. Il s\u2019agit d\u2019un mus\u00e9e virtuel, permettant d\u2019approcher les principales \u0153uvres d\u2019art de l\u2019Humanit\u00e9, en vid\u00e9o ou en 3D. L\u2019association cherche 7\u00a0500 euros pour boucler le budget de fonctionnement. <\/p>\n<p class=\"font-sans\">\n\t\t\tCet article est en acc\u00e8s libre. Pour soutenir Rue89 Strasbourg,<br \/>\n\t\t\t<a class=\"underline\" href=\"https:\/\/www.rue89strasbourg.com\/abonnement\" target=\"_blank\" rel=\"noopener\">abonnez-vous<\/a>.\n\t\t<\/p>\n<p>Augustin Gugenberger<\/p>\n<p>Publi\u00e9 le 26 novembre 2025\u00a0\u00a0\u00b7\u00a0\u00a0<\/p>\n<p>Imprim\u00e9 le 27 novembre 2025 \u00e0 06h09\u00a0\u00a0\u00b7\u00a0\u00a0<\/p>\n<p>\t\t\t\t\t2\u00a0minutes\n<\/p>\n<p>Une micro-folie est un mus\u00e9e num\u00e9rique permettant de d\u00e9couvrir en vid\u00e9o ou en 3D plus de 5\u00a0000 \u0153uvres num\u00e9ris\u00e9es issues de 411 \u00e9tablissements culturels du monde. Ce projet est n\u00e9 au Parc de La Villette \u00e0 Paris. 638 endroits de ce type existent d\u00e9j\u00e0, dont une trentaine hors de France. La Cybergrange, association gestionnaire du Shadok, le lieu d\u2019\u00e9ducation au num\u00e9rique de la Ville de Strasbourg, a d\u00e9cid\u00e9 de lancer le projet \u00e0 Strasbourg. <a href=\"https:\/\/fr.ulule.com\/une-micro-folie-au-shadok\/\" target=\"_blank\" rel=\"noreferrer noopener\">Un financement participatif est en cours<\/a> pour trouver 7\u00a0500 euros afin de participer aux frais d\u2019emploi d\u2019un ou d\u2019une m\u00e9diatrice. Il permettra aussi de savoir si le projet trouve de l\u2019\u00e9cho \u00e0 Strasbourg.<\/p>\n<p><a href=\"https:\/\/www.rue89strasbourg.com\/user\/offrez-rue89-strasbourg\" target=\"_blank\" rel=\" noreferrer noopener\"><img loading=\"lazy\" decoding=\"async\" width=\"1940\" height=\"500\" src=\"https:\/\/www.europesays.com\/fr\/wp-content\/uploads\/2025\/11\/banner-970x250px-promo-v2-.png\" alt=\"\" class=\"wp-image-367072\" style=\"object-fit:cover;width:970px;height:250px\"  \/><\/a><\/p>\n<p>\u00c9crans et r\u00e9alit\u00e9 virtuelle<\/p>\n<p>Selon le dossier de la Cybergrange, la micro-folie de Strasbourg sera constitu\u00e9e de cinq espaces, tous situ\u00e9s au premier \u00e9tage du Shadok\u00a0: un lieu dot\u00e9 d\u2019un immense \u00e9cran permettant de voir des tableaux et d\u2019autres \u0153uvres avec une d\u00e9finition tr\u00e8s importante, un lieu \u00e9quip\u00e9 de casques de r\u00e9alit\u00e9 virtuelle pour voyager \u00e0 l\u2019int\u00e9rieur de certains des plus beaux mus\u00e9es du monde, une \u00ab\u00a0biblio\/ludo\/th\u00e8que\u00a0\u00bb, c\u2019est \u00e0 dire un endroit avec des livres et des jeux num\u00e9riques \u00e0 disposition, un espace d\u00e9di\u00e9 aux jeux vid\u00e9os et un atelier avec des imprimantes 3D pour exp\u00e9rimenter. <\/p>\n<p>La Cybergrange esp\u00e8re embaucher des m\u00e9diateurs afin d\u2019encadrer les visites comme le d\u00e9taille J\u00e9r\u00f4me Tricomi, son directeur\u00a0:<\/p>\n<blockquote class=\"wp-block-quote is-layout-flow wp-block-quote-is-layout-flow\">\n<p>\u00ab\u00a0Le catalogue des \u0153uvres disponibles est trop important pour qu\u2019on puisse naviguer sans aide. Et avec un m\u00e9diateur, on peut aussi s\u2019adapter aux groupes. Par exemple, si des jeunes appr\u00e9cient les mangas, on peut partir de l\u00e0 pour remonter jusqu\u2019aux estampes japonaises\u2026 Puis apr\u00e8s la d\u00e9couverte, il y a l\u2019exp\u00e9rimentation dans l\u2019atelier, partir des \u0153uvres pour r\u00e9aliser des objets en impression 3D, des impressions sur \u00e9toffe, etc.\u00a0\u00bb<\/p>\n<\/blockquote>\n<p>Le mus\u00e9e virtuel devrait cependant afficher des \u00ab\u00a0expositions num\u00e9riques\u00a0\u00bb, visitables en autonomie, en dehors des p\u00e9riodes r\u00e9serv\u00e9es par le m\u00e9diateur.<\/p>\n<p>\t\tUn projet inclusif<\/p>\n<p>La Cybergrange souhaite garder l\u2019acc\u00e8s \u00e0 ce mus\u00e9e virtuel gratuit. L\u2019association \u00e9voque dans son dossier que l\u2019acc\u00e8s \u00e0 la culture internationale peut \u00eatre complexe pour les habitants du Grand Est, dont 26% habitent loin d\u2019un espace culturel. La ou le m\u00e9diateur aura en outre pour charge de connecter des groupes de jeunes des quartiers populaires \u00e0 des \u0153uvres et des courants culturels du monde. Deux groupes pourraient \u00eatre accueillis chaque mois si le financement participatif d\u00e9passe les 15\u00a0000\u00a0euros.<\/p>\n<p>Co\u00fbts et objectifs<\/p>\n<p>La Cybergrange estime \u00e0 30\u00a0000\u20ac son besoin d\u2019investissement, explique J\u00e9r\u00f4me Tricomi\u00a0:<\/p>\n<blockquote class=\"wp-block-quote is-layout-flow wp-block-quote-is-layout-flow\">\n<p>\u00ab\u00a0Nous avons d\u00e9j\u00e0 une partie du mat\u00e9riel mais nous avons besoin d\u2019un vid\u00e9o projecteur ultra-haute d\u00e9finition, de quelques casques de r\u00e9alit\u00e9 virtuelle suppl\u00e9mentaires et de tablettes pour pouvoir accueillir les groupes.\u00a0\u00bb<\/p>\n<\/blockquote>\n<p>La Cybergrange a sollicit\u00e9 des actions de m\u00e9c\u00e9nat aupr\u00e8s de plusieurs entreprises priv\u00e9es pour financer ces \u00e9quipements. J\u00e9r\u00f4me Tricomi esp\u00e8re ouvrir le cyber-mus\u00e9e en mars 2026. Mais si la campagne de financement participatif devait \u00e9chouer, pr\u00e9vient-il, ce serait le signe que cet espace n\u2019est pas attendu par le public du Shadok et tout serait alors annul\u00e9. <\/p>\n<p>Aller <strong>plus loin<\/strong><\/p>\n","protected":false},"excerpt":{"rendered":"L\u2019association La Cybergrange aimerait ouvrir une \u00ab\u00a0micro-folie\u00a0\u00bb dans l\u2019enceinte du Shadok \u00e0 Strasbourg. Il s\u2019agit d\u2019un mus\u00e9e virtuel,&hellip;\n","protected":false},"author":2,"featured_media":561533,"comment_status":"","ping_status":"","sticky":false,"template":"","format":"standard","meta":{"footnotes":""},"categories":[2820],"tags":[1111,11,251,1777,674,13246,1011,27,775,67818,67819,12,4125,25,640],"class_list":{"0":"post-561532","1":"post","2":"type-post","3":"status-publish","4":"format-standard","5":"has-post-thumbnail","7":"category-strasbourg","8":"tag-actu","9":"tag-actualites","10":"tag-culture","11":"tag-eu","12":"tag-europe","13":"tag-financement-participatif","14":"tag-fr","15":"tag-france","16":"tag-grand-est","17":"tag-la-cybergrange","18":"tag-le-shadok","19":"tag-news","20":"tag-numerique","21":"tag-republique-francaise","22":"tag-strasbourg"},"share_on_mastodon":{"url":"https:\/\/pubeurope.com\/@fr\/115619940088372169","error":""},"_links":{"self":[{"href":"https:\/\/www.europesays.com\/fr\/wp-json\/wp\/v2\/posts\/561532","targetHints":{"allow":["GET"]}}],"collection":[{"href":"https:\/\/www.europesays.com\/fr\/wp-json\/wp\/v2\/posts"}],"about":[{"href":"https:\/\/www.europesays.com\/fr\/wp-json\/wp\/v2\/types\/post"}],"author":[{"embeddable":true,"href":"https:\/\/www.europesays.com\/fr\/wp-json\/wp\/v2\/users\/2"}],"replies":[{"embeddable":true,"href":"https:\/\/www.europesays.com\/fr\/wp-json\/wp\/v2\/comments?post=561532"}],"version-history":[{"count":0,"href":"https:\/\/www.europesays.com\/fr\/wp-json\/wp\/v2\/posts\/561532\/revisions"}],"wp:featuredmedia":[{"embeddable":true,"href":"https:\/\/www.europesays.com\/fr\/wp-json\/wp\/v2\/media\/561533"}],"wp:attachment":[{"href":"https:\/\/www.europesays.com\/fr\/wp-json\/wp\/v2\/media?parent=561532"}],"wp:term":[{"taxonomy":"category","embeddable":true,"href":"https:\/\/www.europesays.com\/fr\/wp-json\/wp\/v2\/categories?post=561532"},{"taxonomy":"post_tag","embeddable":true,"href":"https:\/\/www.europesays.com\/fr\/wp-json\/wp\/v2\/tags?post=561532"}],"curies":[{"name":"wp","href":"https:\/\/api.w.org\/{rel}","templated":true}]}}