{"id":561536,"date":"2025-11-27T05:11:26","date_gmt":"2025-11-27T05:11:26","guid":{"rendered":"https:\/\/www.europesays.com\/fr\/561536\/"},"modified":"2025-11-27T05:11:26","modified_gmt":"2025-11-27T05:11:26","slug":"furieux-de-voir-son-gite-degrade-lhote-muni-dune-hachette-frappe-et-menace-les-jeunes-fetards","status":"publish","type":"post","link":"https:\/\/www.europesays.com\/fr\/561536\/","title":{"rendered":"Furieux de voir son g\u00eete d\u00e9grad\u00e9, l\u2019h\u00f4te muni d\u2019une hachette frappe et menace les jeunes f\u00eatards"},"content":{"rendered":"<p class=\"fs-5 \">Furieux de voir son bien d\u00e9grad\u00e9, le propri\u00e9taire d\u2019un g\u00eete a vu rouge et agress\u00e9 physiquement ses jeunes locataires.<\/p>\n<p class=\"fs-5 \">Ce lundi \u00e0 Nice, tous se sont retrouv\u00e9s face \u00e0 face, devant le tribunal correctionnel.<\/p>\n<p class=\"fs-5 \">D\u2019un c\u00f4t\u00e9, neuf \u00e9tudiants en \u00e9cole de commerce, oblig\u00e9s de rester debout pr\u00e8s du banc trop \u00e9troit des parties civiles.<\/p>\n<p class=\"fs-5 \">De l\u2019autre, leur h\u00f4te devenu leur agresseur, pr\u00e9sent\u00e9 dans le box des d\u00e9tenus.<\/p>\n<p class=\"fs-5 \">Ce quadrag\u00e9naire r\u00e9pond de violences sur tous ces jeunes, avec ITT (incapacit\u00e9 totale de travail) allant de quelques heures \u00e0 trois jours sur six d\u2019entre eux. Et menaces de mort.<\/p>\n<p class=\"fs-5 \">La sc\u00e8ne se passe jeudi dernier, au lendemain d\u2019une soir\u00e9e bien arros\u00e9e. Le groupe d\u2019\u00e9tudiants a lou\u00e9 plusieurs habitations du g\u00eete. Au petit matin, le propri\u00e9taire d\u00e9couvre des d\u00e9gradations, dont l\u2019\u00e9tendue fait d\u00e9bat. <\/p>\n<p class=\"fs-5 \">\u00ab Tout \u00e9tait cass\u00e9 \u00e0 l\u2019ext\u00e9rieur. Des murs en pierre s\u00e8che centenaires ! Il y avait de l\u2019urine, du vomi&#8230; \u00bb, \u00e9num\u00e8re l\u2019int\u00e9ress\u00e9. Pour ses jeunes clients, seule la vitre du four aurait \u00e9t\u00e9 cass\u00e9e. Mais l\u00e0 n\u2019est pas le c\u0153ur du probl\u00e8me.<\/p>\n<p>                                                                                \u00ab Pas du tout un danger pour la client\u00e8le \u00bb<\/p>\n<p class=\"fs-5 \">Ce spectacle a suscit\u00e9 chez le propri\u00e9taire un acc\u00e8s de \u00ab col\u00e8re exacerb\u00e9e \u00bb, dixit la pr\u00e9sidente du tribunal, Isabelle Demarbaix-Joando.<\/p>\n<p class=\"fs-5 \">Le quadrag\u00e9naire est rentr\u00e9 dans les habitations et a port\u00e9 des coups \u00e0 certains occupants.<\/p>\n<p class=\"fs-5 \">Il aurait m\u00eame brandi une hachette et lanc\u00e9 : \u00ab Je vais sortir le [calibre] 12 ! Je vous vous tuer ! Je vais sortir mon fusil, je vais tous vous fusiller ! \u00bb Les gendarmes de la brigade de Contes sont venus l\u2019interpeller.<\/p>\n<p class=\"fs-5 \">L\u2019int\u00e9ress\u00e9 conteste s\u2019\u00eatre servi de la hachette pour menacer les jeunes. Il s\u2019en \u00e9tait muni pour \u00ab couper du petit bois \u00bb, assure-t-il.<\/p>\n<p class=\"fs-5 \">Pour autant, il \u00ab regrette \u00e9norm\u00e9ment. J\u2019ai pris conscience ensuite du choc que \u00e7a leur a caus\u00e9. \u00bb Il s\u2019adresse aux victimes : \u00ab Je souhaiterais m\u2019excuser aupr\u00e8s des jeunes femmes et de certains jeunes hommes. Je pensais qu\u2019on allait pouvoir s\u2019asseoir et discuter. Je n\u2019aurais pas d\u00fb agir comme \u00e7a&#8230; \u00bb<\/p>\n<p class=\"fs-5 \">Me Victoria Leclerc, l\u2019avocate de la d\u00e9fense, plaide l\u2019accident de parcours d\u2019un p\u00e8re de famille inconnu de la justice, \u00ab pas du tout un danger pour la client\u00e8le du domaine. Les faits sont circonscrits \u00bb.<\/p>\n<p class=\"fs-5 \">Ils seront jug\u00e9s ult\u00e9rieurement.<\/p>\n<p class=\"fs-5 \">En attendant, un contr\u00f4le judiciaire strict suffit, estiment la procureure Orihuela comme la d\u00e9fense.<\/p>\n<p class=\"fs-5 \">La pr\u00e9sidente le rappelle n\u00e9anmoins : \u00ab On ne peut pas se faire justice \u00e0 soi-m\u00eame ! \u00bb<\/p>\n","protected":false},"excerpt":{"rendered":"Furieux de voir son bien d\u00e9grad\u00e9, le propri\u00e9taire d\u2019un g\u00eete a vu rouge et agress\u00e9 physiquement ses jeunes&hellip;\n","protected":false},"author":2,"featured_media":561537,"comment_status":"","ping_status":"","sticky":false,"template":"","format":"standard","meta":{"footnotes":""},"categories":[2819],"tags":[1111,11,1777,674,1011,27,12,2401,882,25],"class_list":{"0":"post-561536","1":"post","2":"type-post","3":"status-publish","4":"format-standard","5":"has-post-thumbnail","7":"category-nice","8":"tag-actu","9":"tag-actualites","10":"tag-eu","11":"tag-europe","12":"tag-fr","13":"tag-france","14":"tag-news","15":"tag-nice","16":"tag-provence-alpes-cote-dazur","17":"tag-republique-francaise"},"share_on_mastodon":{"url":"https:\/\/pubeurope.com\/@fr\/115619947098936968","error":""},"_links":{"self":[{"href":"https:\/\/www.europesays.com\/fr\/wp-json\/wp\/v2\/posts\/561536","targetHints":{"allow":["GET"]}}],"collection":[{"href":"https:\/\/www.europesays.com\/fr\/wp-json\/wp\/v2\/posts"}],"about":[{"href":"https:\/\/www.europesays.com\/fr\/wp-json\/wp\/v2\/types\/post"}],"author":[{"embeddable":true,"href":"https:\/\/www.europesays.com\/fr\/wp-json\/wp\/v2\/users\/2"}],"replies":[{"embeddable":true,"href":"https:\/\/www.europesays.com\/fr\/wp-json\/wp\/v2\/comments?post=561536"}],"version-history":[{"count":0,"href":"https:\/\/www.europesays.com\/fr\/wp-json\/wp\/v2\/posts\/561536\/revisions"}],"wp:featuredmedia":[{"embeddable":true,"href":"https:\/\/www.europesays.com\/fr\/wp-json\/wp\/v2\/media\/561537"}],"wp:attachment":[{"href":"https:\/\/www.europesays.com\/fr\/wp-json\/wp\/v2\/media?parent=561536"}],"wp:term":[{"taxonomy":"category","embeddable":true,"href":"https:\/\/www.europesays.com\/fr\/wp-json\/wp\/v2\/categories?post=561536"},{"taxonomy":"post_tag","embeddable":true,"href":"https:\/\/www.europesays.com\/fr\/wp-json\/wp\/v2\/tags?post=561536"}],"curies":[{"name":"wp","href":"https:\/\/api.w.org\/{rel}","templated":true}]}}