{"id":561538,"date":"2025-11-27T05:12:17","date_gmt":"2025-11-27T05:12:17","guid":{"rendered":"https:\/\/www.europesays.com\/fr\/561538\/"},"modified":"2025-11-27T05:12:17","modified_gmt":"2025-11-27T05:12:17","slug":"fc-porto-nice-a-quelle-heure-et-sur-quelle-chaine-regarder-le-match-de-ligue-europa-en-direct","status":"publish","type":"post","link":"https:\/\/www.europesays.com\/fr\/561538\/","title":{"rendered":"FC Porto &#8211; Nice : \u00e0 quelle heure et sur quelle cha\u00eene regarder le match de Ligue Europa en direct ?"},"content":{"rendered":"<p>Toujours sans le moindre point en Ligue Europa, Nice se d\u00e9place \u00e0 Porto en pleine crise de r\u00e9sultats et apr\u00e8s un lourd revers contre Marseille. Face \u00e0 des Portugais solides et port\u00e9s par un bon d\u00e9but de campagne europ\u00e9enne, la mission s\u2019annonce p\u00e9rilleuse. Voici toutes les informations pour suivre ce match en direct.<\/p>\n<ul class=\"list_unordered\">\n<li><strong>FC Porto &#8211; Nice<\/strong> est \u00e0 suivre en direct sur <a href=\"https:\/\/action.metaffiliation.com\/trk.php?mclic=P4F531577B091561\" target=\"_blank\" class=\"external_link\" rel=\"nofollow noopener\">CANAL+SPORT<\/a> ce jeudi 27 novembre \u00e0 18h45, accessible d\u00e8s 29,99 euros.<\/li>\n<\/ul>\n<p>Le coup d\u2019envoi de la rencontre sera donn\u00e9 ce jeudi 27 novembre \u00e0 18h45 au stade Dragao. La rencontre sera retransmise en direct et en exclusivit\u00e9 sur Canal+ Sport, diffuseur officiel de la comp\u00e9tition.<\/p>\n<p><a href=\"https:\/\/action.metaffiliation.com\/trk.php?mclic=P4F531577B091561\" title=\"\ud83d\udd0e Regardez le match en direct \" target=\"_blank\" rel=\"nofollow noopener\"><\/p>\n<p>\ud83d\udd0e Regardez le match en direct<\/p>\n<p><\/a>FC Porto-Nice : un match pour relancer une campagne mal engag\u00e9e<\/p>\n<p>Nice n\u2019a plus le choix : s\u2019il veut sauver sa campagne europ\u00e9enne, le club azur\u00e9en doit r\u00e9agir d\u00e8s ce d\u00e9placement \u00e0 Porto. La t\u00e2che s\u2019annonce pourtant difficile face \u00e0 un FC Porto solide et r\u00e9gulier depuis de d\u00e9but de la comp\u00e9tition. Quatorzi\u00e8mes du classement, les Dragons comptent deux victoires, une d\u00e9faite et un nul lors de leur derni\u00e8re sortie (1-1 contre Utrecht, but de Sainz). Un match qui avait permis de redresser l\u00e9g\u00e8rement la barre apr\u00e8s une d\u00e9faite 2-0 contre Nottingham Forest. En face, Nice traverse sa plus mauvaise p\u00e9riode de la saison. Neuvi\u00e8mes de Ligue 1 et seulement 35e en Ligue Europa, les Aiglons n\u2019ont toujours pas pris le moindre point dans la comp\u00e9tition. Leur dernier match s\u2019est sold\u00e9 par une d\u00e9faite 3-1 face \u00e0 Fribourg, malgr\u00e9 un but de Carlos, apr\u00e8s un revers 2-1 contre le Celta Vigo. Et la spirale n\u00e9gative s\u2019est encore accentu\u00e9e ce week-end, avec une lourde d\u00e9faite 5-1 contre Marseille en championnat. La r\u00e9action est imp\u00e9rative.<\/p>\n<p>Comment voir le match entre le FC Porto et Nice en direct sur Canal+ ?<\/p>\n<p>Le FC Porto affronte Lyon ce jeudi 27 novembre \u00e0 18h45 au stade Dragao. Le match sera diffus\u00e9 en direct sur Canal+ Sport. L\u2019abonnement est disponible \u00e0 29,99 euros par mois pendant un an, puis 39,99 euros par mois (avec un engagement de 24 mois). Cette formule donne acc\u00e8s \u00e0 toutes les Coupes d\u2019Europe (Ligue des Champions, Ligue Europa, Ligue Europa Conf\u00e9rence), mais aussi aux grands rendez-vous sportifs du bouquet : Premier League, Formule 1, Top 14 ou encore MotoGP. De quoi vivre une saison riche en \u00e9motions.<\/p>\n<p><a href=\"https:\/\/action.metaffiliation.com\/trk.php?mclic=P4F531577B091561\" target=\"_blank\" class=\"external_link\" rel=\"nofollow noopener\">Cliquez ici pour profiter de l\u2019offre Canal+ Sport<\/a><\/p>\n<p>Ce contenu a \u00e9t\u00e9 r\u00e9alis\u00e9 par un expert de l\u2019\u00e9quipe shopping de RMC Sport, ind\u00e9pendante de la r\u00e9daction de RMC Sport. Les prix indiqu\u00e9s sont donn\u00e9s \u00e0 titre indicatif et sont susceptibles d\u2019\u00e9voluer. RMC Sport est susceptible de percevoir une r\u00e9mun\u00e9ration lorsqu\u2019un de nos lecteurs proc\u00e8de \u00e0 un achat via les liens int\u00e9gr\u00e9s dans cet article.<\/p>\n","protected":false},"excerpt":{"rendered":"Toujours sans le moindre point en Ligue Europa, Nice se d\u00e9place \u00e0 Porto en pleine crise de r\u00e9sultats&hellip;\n","protected":false},"author":2,"featured_media":561539,"comment_status":"","ping_status":"","sticky":false,"template":"","format":"standard","meta":{"footnotes":""},"categories":[2819],"tags":[1111,11,1777,674,1011,27,12,2401,882,25],"class_list":{"0":"post-561538","1":"post","2":"type-post","3":"status-publish","4":"format-standard","5":"has-post-thumbnail","7":"category-nice","8":"tag-actu","9":"tag-actualites","10":"tag-eu","11":"tag-europe","12":"tag-fr","13":"tag-france","14":"tag-news","15":"tag-nice","16":"tag-provence-alpes-cote-dazur","17":"tag-republique-francaise"},"share_on_mastodon":{"url":"https:\/\/pubeurope.com\/@fr\/115619951022855633","error":""},"_links":{"self":[{"href":"https:\/\/www.europesays.com\/fr\/wp-json\/wp\/v2\/posts\/561538","targetHints":{"allow":["GET"]}}],"collection":[{"href":"https:\/\/www.europesays.com\/fr\/wp-json\/wp\/v2\/posts"}],"about":[{"href":"https:\/\/www.europesays.com\/fr\/wp-json\/wp\/v2\/types\/post"}],"author":[{"embeddable":true,"href":"https:\/\/www.europesays.com\/fr\/wp-json\/wp\/v2\/users\/2"}],"replies":[{"embeddable":true,"href":"https:\/\/www.europesays.com\/fr\/wp-json\/wp\/v2\/comments?post=561538"}],"version-history":[{"count":0,"href":"https:\/\/www.europesays.com\/fr\/wp-json\/wp\/v2\/posts\/561538\/revisions"}],"wp:featuredmedia":[{"embeddable":true,"href":"https:\/\/www.europesays.com\/fr\/wp-json\/wp\/v2\/media\/561539"}],"wp:attachment":[{"href":"https:\/\/www.europesays.com\/fr\/wp-json\/wp\/v2\/media?parent=561538"}],"wp:term":[{"taxonomy":"category","embeddable":true,"href":"https:\/\/www.europesays.com\/fr\/wp-json\/wp\/v2\/categories?post=561538"},{"taxonomy":"post_tag","embeddable":true,"href":"https:\/\/www.europesays.com\/fr\/wp-json\/wp\/v2\/tags?post=561538"}],"curies":[{"name":"wp","href":"https:\/\/api.w.org\/{rel}","templated":true}]}}