{"id":561540,"date":"2025-11-27T05:13:47","date_gmt":"2025-11-27T05:13:47","guid":{"rendered":"https:\/\/www.europesays.com\/fr\/561540\/"},"modified":"2025-11-27T05:13:47","modified_gmt":"2025-11-27T05:13:47","slug":"apres-un-accident-un-conducteur-de-car-piege-et-secouru-par-les-sapeurs-pompiers-en","status":"publish","type":"post","link":"https:\/\/www.europesays.com\/fr\/561540\/","title":{"rendered":"Apr\u00e8s un accident, un conducteur de car pi\u00e9g\u00e9 et secouru par les sapeurs-pompiers en"},"content":{"rendered":"<p>Les sapeurs-pompiers sont intervenus ce mardi 25\u00a0novembre \u00e0 Saffr\u00e9, au nord de la Loire-Atlantique, apr\u00e8s 17\u00a0h\u00a044 au lieu-dit La Charbonni\u00e8re. \u00c0 leur arriv\u00e9e, ils font face \u00e0 un conducteur pi\u00e9g\u00e9 dans son v\u00e9hicule.<\/p>\n<p>Au CHU de Nantes<\/p>\n<p>Il a pu \u00eatre extrait du v\u00e9hicule et a \u00e9t\u00e9 transport\u00e9 au CHU de Nantes par le Smur.<br \/>Aucun passager n\u2019\u00e9tait \u00e0 bord du car.<\/p>\n<p>\u00a0<\/p>\n","protected":false},"excerpt":{"rendered":"Les sapeurs-pompiers sont intervenus ce mardi 25\u00a0novembre \u00e0 Saffr\u00e9, au nord de la Loire-Atlantique, apr\u00e8s 17\u00a0h\u00a044 au lieu-dit&hellip;\n","protected":false},"author":2,"featured_media":561541,"comment_status":"","ping_status":"","sticky":false,"template":"","format":"standard","meta":{"footnotes":""},"categories":[2818],"tags":[119,1111,11,8057,1777,674,1011,27,3047,766,12,2636,10938,25,5153,57459],"class_list":{"0":"post-561540","1":"post","2":"type-post","3":"status-publish","4":"format-standard","5":"has-post-thumbnail","7":"category-nantes","8":"tag-accident","9":"tag-actu","10":"tag-actualites","11":"tag-conducteur","12":"tag-eu","13":"tag-europe","14":"tag-fr","15":"tag-france","16":"tag-loire-atlantique","17":"tag-nantes","18":"tag-news","19":"tag-pays-de-la-loire","20":"tag-piege","21":"tag-republique-francaise","22":"tag-sapeurs-pompiers","23":"tag-secouru"},"share_on_mastodon":{"url":"https:\/\/pubeurope.com\/@fr\/115619958768490841","error":""},"_links":{"self":[{"href":"https:\/\/www.europesays.com\/fr\/wp-json\/wp\/v2\/posts\/561540","targetHints":{"allow":["GET"]}}],"collection":[{"href":"https:\/\/www.europesays.com\/fr\/wp-json\/wp\/v2\/posts"}],"about":[{"href":"https:\/\/www.europesays.com\/fr\/wp-json\/wp\/v2\/types\/post"}],"author":[{"embeddable":true,"href":"https:\/\/www.europesays.com\/fr\/wp-json\/wp\/v2\/users\/2"}],"replies":[{"embeddable":true,"href":"https:\/\/www.europesays.com\/fr\/wp-json\/wp\/v2\/comments?post=561540"}],"version-history":[{"count":0,"href":"https:\/\/www.europesays.com\/fr\/wp-json\/wp\/v2\/posts\/561540\/revisions"}],"wp:featuredmedia":[{"embeddable":true,"href":"https:\/\/www.europesays.com\/fr\/wp-json\/wp\/v2\/media\/561541"}],"wp:attachment":[{"href":"https:\/\/www.europesays.com\/fr\/wp-json\/wp\/v2\/media?parent=561540"}],"wp:term":[{"taxonomy":"category","embeddable":true,"href":"https:\/\/www.europesays.com\/fr\/wp-json\/wp\/v2\/categories?post=561540"},{"taxonomy":"post_tag","embeddable":true,"href":"https:\/\/www.europesays.com\/fr\/wp-json\/wp\/v2\/tags?post=561540"}],"curies":[{"name":"wp","href":"https:\/\/api.w.org\/{rel}","templated":true}]}}