{"id":561542,"date":"2025-11-27T05:16:24","date_gmt":"2025-11-27T05:16:24","guid":{"rendered":"https:\/\/www.europesays.com\/fr\/561542\/"},"modified":"2025-11-27T05:16:24","modified_gmt":"2025-11-27T05:16:24","slug":"5-spectacles-incontournables-dans-ce-theatre-iconique-de-nantes-big-city-nantes","status":"publish","type":"post","link":"https:\/\/www.europesays.com\/fr\/561542\/","title":{"rendered":"5 spectacles incontournables dans ce th\u00e9\u00e2tre iconique de Nantes \u2013 Big City Nantes"},"content":{"rendered":"<p><img fetchpriority=\"high\" width=\"527\" height=\"264\" src=\"https:\/\/www.europesays.com\/fr\/wp-content\/uploads\/2025\/11\/Theatre-100-Noms-527x264.png\" class=\"attachment-csco-thumbnail-uncropped size-csco-thumbnail-uncropped wp-post-image\" alt=\"The\u0301a\u0302tre 100 Noms\" decoding=\"async\"   data-pagespeed-url-hash=\"3421186072\" onload=\"pagespeed.CriticalImages.checkImageForCriticality(this);\"\/>\t<img loading=\"lazy\" width=\"1044\" height=\"522\" src=\"https:\/\/www.europesays.com\/fr\/wp-content\/uploads\/2025\/11\/Theatre-100-Noms-1044x522.png\" class=\"attachment-csco-large-uncropped size-csco-large-uncropped wp-post-image\" alt=\"The\u0301a\u0302tre 100 Noms\" decoding=\"async\"   data-pagespeed-url-hash=\"602296764\" onload=\"pagespeed.CriticalImages.checkImageForCriticality(this);\"\/>\t<\/p>\n<p>\nCr\u00e9dit : The\u0301a\u0302tre 100 Noms\t<\/p>\n<p>Si tu cherches un lieu o\u00f9 l\u2019on rit, on r\u00eave et on repart boost\u00e9, file au <strong>Th\u00e9\u00e2tre 100 Noms ! <\/strong>Nich\u00e9 en plein coeur du Hangar \u00e0 Bananes \u00e0 Nantes, ce spot culturel a ce petit truc magique : une ambiance chaleureuse, une salle magnifique et une programmation toujours surprenante. Et pour te donner un aper\u00e7u, on t\u2019a s\u00e9lectionn\u00e9 5 spectacles immanquables en cette fin d\u2019ann\u00e9e.<\/p>\n<p>Le Th\u00e9\u00e2tre 100 Noms : Des cr\u00e9ations locales et des spectacles \u00e0 succ\u00e8s toute la saison<\/p>\n<blockquote class=\"instagram-media\" data-instgrm-permalink=\"https:\/\/www.instagram.com\/reel\/DRcrm52iJp2\/?utm_source=ig_embed&amp;utm_campaign=loading\" data-instgrm-version=\"14\" style=\" background:#FFF; border:0; border-radius:3px; box-shadow:0 0 1px 0 rgba(0,0,0,0.5),0 1px 10px 0 rgba(0,0,0,0.15); margin: 1px; max-width:540px; min-width:326px; padding:0; width:99.375%; width:-webkit-calc(100% - 2px); width:calc(100% - 2px);\"\/>\n<p>Le <strong>Th\u00e9\u00e2tre 100 Noms<\/strong> te propose des cr\u00e9ations locales et des spectacles \u00e0 succ\u00e8s, de quoi rire, r\u00eaver ou r\u00e9fl\u00e9chir, le tout dans un cadre incroyable. <\/p>\n<p><strong>Parmi les incontournables :<\/strong> la com\u00e9die culte <strong>Les Faux British<\/strong> (avec deux dates sp\u00e9ciales les 24 et 31 d\u00e9cembre), l\u2019\u00e9mouvant <strong>Oublie-moi<\/strong> (quadruple Moli\u00e8re), le spectacle familial et musical <strong>Aladin<\/strong>, l\u2019humour d\u00e9jant\u00e9 de <strong>La Famille Bijoux<\/strong>, le f\u00e9minisme cash d\u2019<strong>Unfuckables<\/strong>, et la com\u00e9die satirique <strong>La Guerre des \u00c9meus<\/strong>.<\/p>\n<p>Et si tu veux offrir un cadeau qui change, la <strong>carte cadeau<\/strong> du th\u00e9\u00e2tre est valable un an sur toute la programmation. Id\u00e9al \u00e0 glisser sous le sapin \ud83d\ude09<\/p>\n<p>Le Th\u00e9\u00e2tre 100 Noms, partenaire des Pochettes du Kiff de Big City<br \/>\n<img loading=\"lazy\" decoding=\"async\" width=\"1160\" height=\"580\" src=\"https:\/\/www.europesays.com\/fr\/wp-content\/uploads\/2025\/11\/Pochettes-du-kiff-Cadeaux-de-Noel-1160x580.png\" alt=\"Pochettes du kiff Cadeaux de Noe\u0308l\" class=\"wp-image-128503\"   data-pagespeed-url-hash=\"2701891487\" onload=\"pagespeed.CriticalImages.checkImageForCriticality(this);\"\/>Cr\u00e9dit : Illustrations : \u00a9Clothilde Lamoureux \u2014 Pochettes du kiff Cadeaux de Noe\u0308l<\/p>\n<p>C\u2019est le nouveau projet\u00a0<strong>compl\u00e8tement fou<\/strong>\u00a0que l\u2019\u00e9quipe de Big City Nantes a imagin\u00e9 pour cette fin d\u2019ann\u00e9e.<\/p>\n<p>Comme on sait que tu aimes sortir, d\u00e9couvrir de belles adresses, de belles marques, de bons plans, bref que tu aimes kiffer la ville, et qu\u2019en plus tu\u00a0es un peu joueur.euse sur les bords, on a imagin\u00e9 une pochette 100% kiff qui r\u00e9gale \u00e0 coup s\u00fbr !\u00a0Concr\u00e8tement, pour moins de 30 euros (hors frais de port), tu as une pochette \u00a0dans laquelle ont \u00e9t\u00e9 gliss\u00e9es 5 cartes \u00e0 gratter avec\u00a0<strong>100% de chance de gagne<\/strong>r au moins une exp\u00e9rience sur Nantes et alentours.\u00a0Et tout \u00e7a, on le doit \u00e0 nos partenaires qui te r\u00e9galent avec plus de\u00a0<strong>30 000\u20ac de cadeaux<\/strong>\u2026<\/p>\n<p>Le Th\u00e9\u00e2tre 100 Noms fait partie de ces partenaires\u00a0et offre\u00a0<strong>45 lots de 2 places de th\u00e9\u00e2tre<\/strong> pour assister \u00e0 l\u2019un des spectacles cr\u00e9\u00e9 par le Th\u00e9\u00e2tre 100 Noms en cat\u00e9gorie 1, d\u2019une valeur allant de 50 \u00e0 60 euros pour 2 selon les spectacles.<\/p>\n<p><strong>Les Pochettes du Kiff sont d\u00e9j\u00e0 sold-out <\/strong>mais si tu as pu choper la tienne, tu auras peut-\u00eatre la chance de d\u00e9couvrir une des cr\u00e9ations du Th\u00e9\u00e2tre 100 Noms !<\/p>\n<p>Alors, pour ne pas rater la prochaine Pochette du Kiff ou tous nos autres projets trop cools, inscris-toi \u00e0 notre newsletter !<\/p>\n<p><script async src=\"\/\/www.instagram.com\/embed.js\"><\/script><\/p>\n","protected":false},"excerpt":{"rendered":"Cr\u00e9dit : The\u0301a\u0302tre 100 Noms Si tu cherches un lieu o\u00f9 l\u2019on rit, on r\u00eave et on repart&hellip;\n","protected":false},"author":2,"featured_media":561543,"comment_status":"","ping_status":"","sticky":false,"template":"","format":"standard","meta":{"footnotes":""},"categories":[2818],"tags":[1111,11,1777,674,1011,27,766,12,2636,25],"class_list":{"0":"post-561542","1":"post","2":"type-post","3":"status-publish","4":"format-standard","5":"has-post-thumbnail","7":"category-nantes","8":"tag-actu","9":"tag-actualites","10":"tag-eu","11":"tag-europe","12":"tag-fr","13":"tag-france","14":"tag-nantes","15":"tag-news","16":"tag-pays-de-la-loire","17":"tag-republique-francaise"},"share_on_mastodon":{"url":"https:\/\/pubeurope.com\/@fr\/115619967651993563","error":""},"_links":{"self":[{"href":"https:\/\/www.europesays.com\/fr\/wp-json\/wp\/v2\/posts\/561542","targetHints":{"allow":["GET"]}}],"collection":[{"href":"https:\/\/www.europesays.com\/fr\/wp-json\/wp\/v2\/posts"}],"about":[{"href":"https:\/\/www.europesays.com\/fr\/wp-json\/wp\/v2\/types\/post"}],"author":[{"embeddable":true,"href":"https:\/\/www.europesays.com\/fr\/wp-json\/wp\/v2\/users\/2"}],"replies":[{"embeddable":true,"href":"https:\/\/www.europesays.com\/fr\/wp-json\/wp\/v2\/comments?post=561542"}],"version-history":[{"count":0,"href":"https:\/\/www.europesays.com\/fr\/wp-json\/wp\/v2\/posts\/561542\/revisions"}],"wp:featuredmedia":[{"embeddable":true,"href":"https:\/\/www.europesays.com\/fr\/wp-json\/wp\/v2\/media\/561543"}],"wp:attachment":[{"href":"https:\/\/www.europesays.com\/fr\/wp-json\/wp\/v2\/media?parent=561542"}],"wp:term":[{"taxonomy":"category","embeddable":true,"href":"https:\/\/www.europesays.com\/fr\/wp-json\/wp\/v2\/categories?post=561542"},{"taxonomy":"post_tag","embeddable":true,"href":"https:\/\/www.europesays.com\/fr\/wp-json\/wp\/v2\/tags?post=561542"}],"curies":[{"name":"wp","href":"https:\/\/api.w.org\/{rel}","templated":true}]}}