{"id":561544,"date":"2025-11-27T05:17:19","date_gmt":"2025-11-27T05:17:19","guid":{"rendered":"https:\/\/www.europesays.com\/fr\/561544\/"},"modified":"2025-11-27T05:17:19","modified_gmt":"2025-11-27T05:17:19","slug":"une-nouvelle-equipe-pour-le-repair-cafe","status":"publish","type":"post","link":"https:\/\/www.europesays.com\/fr\/561544\/","title":{"rendered":"Une nouvelle \u00e9quipe pour le Repair caf\u00e9"},"content":{"rendered":"<p>Ergoth\u00e9rapeute de formation, salari\u00e9e au p\u00f4le ressources li\u00e9 \u00e0 la l\u00e9sion c\u00e9r\u00e9brale de la Tour de Gassies, Isabelle Afaska, 62\u00a0ans, r\u00e9side \u00e0 Blanquefort depuis vingt et un ans. \u00ab\u00a0Effectivement, commente la pr\u00e9sidente engag\u00e9e depuis 2019 dans l\u2019association, les personnes apportent leurs objets en panne. Les b\u00e9n\u00e9voles \u00e0 l\u2019accueil les p\u00e8sent pour les statistiques transmises au Repair caf\u00e9 Europe. En fin d\u2019ann\u00e9e, nous savons quel est le poids qui a \u00e9vit\u00e9 d\u2019\u00eatre jet\u00e9\u00a0! Un diagnostic est fait et surtout, on r\u00e9pare les objets avec leurs propri\u00e9taires, parce que l\u2019on ne se substitue pas aux professionnels du quartier. Comme nous ne sommes pas un service, les personnes ne laissent pas leurs objets. L\u2019id\u00e9e est bien de leur donner une seconde vie.\u00a0\u00bb<\/p>\n<p>Appel \u00e0 b\u00e9n\u00e9voles<\/p>\n<p>Les objets accept\u00e9s rel\u00e8vent du petit \u00e9lectrom\u00e9nager (cafeti\u00e8re, aspirateur, outillage \u00e9lectroportatif\u2026), du num\u00e9rique, de la petite couture, de la r\u00e9paration de bijoux fantaisie\u2026 pour lesquels le Repair caf\u00e9 a une dizaine de sp\u00e9cialistes.<\/p>\n<p>Samedi dernier, Laetitia a apport\u00e9 une cafeti\u00e8re \u00e0 grains\u00a0: \u00ab\u00a0Elle a une valeur sentimentale, je n\u2019aime pas jeter et je lutte contre la surconsommation.\u00a0\u00bb<\/p>\n<p>Le groupe recrute de nouveaux b\u00e9n\u00e9voles pour travailler en bin\u00f4me. Le p\u00f4le informatique a besoin d\u2019\u00eatre renforc\u00e9, un r\u00e9parateur de machines \u00e0 coudre est recherch\u00e9, avis aux amateurs. Par mesure de s\u00e9curit\u00e9, les micro-ondes ne sont pas accept\u00e9s, ni le gros \u00e9lectrom\u00e9nager, ni les v\u00e9los.<\/p>\n<p>Outre la r\u00e9paration, c\u2019est aussi des discussions et des \u00e9changes autour d\u2019un caf\u00e9\u00a0: \u00ab\u00a0C\u2019est notre c\u00f4t\u00e9 social qui prend tout son sens. C\u2019est aussi un moment de convivialit\u00e9\u00a0\u00bb, ajoute la pr\u00e9sidente. Les r\u00e9parations sont gratuites mais les petits dons sont accept\u00e9s pour racheter du caf\u00e9 et des g\u00e2teaux, \u00e9toffer le fonds outils et consommables.<\/p>\n<p>Renseignements compl\u00e9mentaires sur Facebook.<\/p>\n","protected":false},"excerpt":{"rendered":"Ergoth\u00e9rapeute de formation, salari\u00e9e au p\u00f4le ressources li\u00e9 \u00e0 la l\u00e9sion c\u00e9r\u00e9brale de la Tour de Gassies, Isabelle&hellip;\n","protected":false},"author":2,"featured_media":561545,"comment_status":"","ping_status":"","sticky":false,"template":"","format":"standard","meta":{"footnotes":""},"categories":[2817],"tags":[1111,11,1997,1777,674,1011,27,12,2219,25],"class_list":{"0":"post-561544","1":"post","2":"type-post","3":"status-publish","4":"format-standard","5":"has-post-thumbnail","7":"category-bordeaux","8":"tag-actu","9":"tag-actualites","10":"tag-bordeaux","11":"tag-eu","12":"tag-europe","13":"tag-fr","14":"tag-france","15":"tag-news","16":"tag-nouvelle-aquitaine","17":"tag-republique-francaise"},"share_on_mastodon":{"url":"https:\/\/pubeurope.com\/@fr\/115619970668488992","error":""},"_links":{"self":[{"href":"https:\/\/www.europesays.com\/fr\/wp-json\/wp\/v2\/posts\/561544","targetHints":{"allow":["GET"]}}],"collection":[{"href":"https:\/\/www.europesays.com\/fr\/wp-json\/wp\/v2\/posts"}],"about":[{"href":"https:\/\/www.europesays.com\/fr\/wp-json\/wp\/v2\/types\/post"}],"author":[{"embeddable":true,"href":"https:\/\/www.europesays.com\/fr\/wp-json\/wp\/v2\/users\/2"}],"replies":[{"embeddable":true,"href":"https:\/\/www.europesays.com\/fr\/wp-json\/wp\/v2\/comments?post=561544"}],"version-history":[{"count":0,"href":"https:\/\/www.europesays.com\/fr\/wp-json\/wp\/v2\/posts\/561544\/revisions"}],"wp:featuredmedia":[{"embeddable":true,"href":"https:\/\/www.europesays.com\/fr\/wp-json\/wp\/v2\/media\/561545"}],"wp:attachment":[{"href":"https:\/\/www.europesays.com\/fr\/wp-json\/wp\/v2\/media?parent=561544"}],"wp:term":[{"taxonomy":"category","embeddable":true,"href":"https:\/\/www.europesays.com\/fr\/wp-json\/wp\/v2\/categories?post=561544"},{"taxonomy":"post_tag","embeddable":true,"href":"https:\/\/www.europesays.com\/fr\/wp-json\/wp\/v2\/tags?post=561544"}],"curies":[{"name":"wp","href":"https:\/\/api.w.org\/{rel}","templated":true}]}}