{"id":561551,"date":"2025-11-27T05:22:19","date_gmt":"2025-11-27T05:22:19","guid":{"rendered":"https:\/\/www.europesays.com\/fr\/561551\/"},"modified":"2025-11-27T05:22:19","modified_gmt":"2025-11-27T05:22:19","slug":"lobjectif-est-de-prendre-les-trois-points-lyon-et-lille-veulent-se-relancer","status":"publish","type":"post","link":"https:\/\/www.europesays.com\/fr\/561551\/","title":{"rendered":"\u00ab\u200aL\u2019objectif est de prendre les trois points\u00a0\u00bb, Lyon et Lille veulent se relancer"},"content":{"rendered":"<p>  Rester dans le top 8 pour Lyon<\/p>\n<p>Trois semaines apr\u00e8s s\u2019\u00eatre inclin\u00e9 (2-0) sur la pelouse du Betis \u00e0 S\u00e9ville, l\u2019Olympique lyonnais repart en d\u00e9placement europ\u00e9en ce jeudi (21 heures), mais dans une tout autre ambiance qu\u2019en Andalousie. Oppos\u00e9s au Maccabi Tel Aviv, les Rhodaniens disputeront en effet cette rencontre \u00e0 Backa Topola (Serbie), terre d\u2019accueil de la formation isra\u00e9lienne lors des matches de Coupe d\u2019Europe en raison du contexte g\u00e9opolitique.<\/p>\n<p>Devant environ 500 spectateurs, l\u2019OL (7e) ne devra pas se poser de question s\u2019il esp\u00e8re rester dans le top 8 provisoire de la Ligue Europa. Car apr\u00e8s trois succ\u00e8s d\u2019affil\u00e9e pour lancer leur campagne europ\u00e9enne,<a href=\"https:\/\/www.ledauphine.com\/sport\/2025\/11\/06\/fin-de-serie-pour-l-ol-battu-sur-le-terrain-du-betis\" target=\"_blank\" rel=\"noopener\"> les joueurs de Paulo Fonseca ont connu un coup d\u2019arr\u00eat \u00e0 S\u00e9ville<\/a>. Et si la perspective d\u2019affronter, sur terrain neutre, le 34e (sur 36), n\u2019a a priori pas de quoi faire fr\u00e9mir les Lyonnais, leur mauvaise passe actuelle (aucune victoire depuis le 26\u00a0octobre, 2-1 face \u00e0 Strasbourg) rebat un peu les cartes.<\/p>\n<p>Les Gones devront donc faire preuve de m\u00e9fiance pour \u00e9viter une contre-performance, d\u2019autant plus qu\u2019outre les bless\u00e9s de longue dur\u00e9e <a href=\"https:\/\/www.ledauphine.com\/p\/malick-fofana\" target=\"_blank\" rel=\"noopener\">Malick Fofana<\/a> et <a href=\"https:\/\/www.ledauphine.com\/p\/ernest-nuamah-footballeur-international-ghaneen\" target=\"_blank\" rel=\"noopener\">Ernest Nuamah<\/a>, le d\u00e9fenseur central <a href=\"https:\/\/www.ledauphine.com\/p\/clinton-mata-footballeur-angolais\" target=\"_blank\" rel=\"noopener\">Clinton Mata<\/a> a \u00e9galement d\u00e9clar\u00e9 forfait. <a href=\"https:\/\/www.ledauphine.com\/p\/tyler-morton\" target=\"_blank\" rel=\"noopener\">Tyler Morton<\/a> et <a href=\"https:\/\/www.ledauphine.com\/p\/nicolas-tagliafico\" target=\"_blank\" rel=\"noopener\">Nicolas Tagliafico<\/a>, suspendus lors du d\u00e9placement \u00e0 Auxerre dimanche (0-0), font eux leur retour dans le groupe. \u00ab\u200aL\u2019objectif est de prendre les trois points pour\u00a0aborder le classement de mani\u00e8re plus sereine \u200a; cela facilitera notre chemin pour la suite\u200a\u00bb, expliquait dimanche Jorge Maciel, l\u2019adjoint de <a href=\"https:\/\/www.ledauphine.com\/p\/paulo-fonseca\" target=\"_blank\" rel=\"noopener\">Paulo Fonseca<\/a>.<\/p>\n<p>Lille sous pression<\/p>\n<p>Pour Lille, la pression est encore plus grande\u200a: les Dogues (19es), qui restent sur deux d\u00e9faites de suite en Ligue Europa (4-3 face au PAOK, puis 1-0 sur la pelouse de l\u2019\u00c9toile Rouge de Belgrade), doivent eux aussi repartir de l\u2019avant \u00e0 l\u2019occasion de la r\u00e9ception du Dinamo Zagreb (18h45), actuel 12e de la comp\u00e9tition.<\/p>\n<p>\u00ab\u200aOn est dans une situation moins confortable que ce qu\u2019on aurait pu imaginer apr\u00e8s les deux premi\u00e8res journ\u00e9es (deux victoires, face \u00e0 Bergen puis contre l\u2019AS Roma, ndlr)\u200a\u00bb, a regrett\u00e9 jeudi l\u2019entra\u00eeneur <a href=\"https:\/\/www.ledauphine.com\/p\/bruno-genesio\" target=\"_blank\" rel=\"noopener\">Bruno Genesio<\/a>, expliquant que son groupe s\u2019est \u00ab\u200amis dans la panade\u200a\u00bb avec ces deux revers cons\u00e9cutifs.<\/p>\n<p>Loin d\u2019avoir assur\u00e9 son avenir europ\u00e9en au-del\u00e0 de la phase de ligue, le LOSC s\u2019est toutefois rassur\u00e9 dimanche soir en dominant, en Ligue 1, le Paris FC (4-2), gr\u00e2ce notamment \u00e0 <a href=\"https:\/\/www.ledauphine.com\/p\/olivier-giroud\" target=\"_blank\" rel=\"noopener\">Olivier Giroud<\/a>, auteur d\u2019un doubl\u00e9 apr\u00e8s deux mois de disette.<\/p>\n<p>L\u2019OGC Nice, de son c\u00f4t\u00e9, est presque r\u00e9sign\u00e9. 35es et avant-dernier avec quatre d\u00e9faites en autant de sorties, les Aiglons sont au bord du pr\u00e9cipice. En d\u00e9placement \u00e0 Porto (18h45), le Gym doit d\u00e9sormais s\u2019en remettre \u00e0 un miracle pour poursuivre son parcours continental \u00e0 l\u2019issue de cette premi\u00e8re phase.<\/p>\n<p>  Strasbourg veut continuer sur sa lanc\u00e9e en Ligue Conf\u00e9rence<\/p>\n<p>En Ligue Conf\u00e9rence, Strasbourg tient pour l&rsquo;instant son rang en \u00e9tant invaincu en trois matches (7e). Mais la r\u00e9ception de Crystal Palace sera un bon indicateur du potentiel des Alsaciens, qui jouent aussi les premiers r\u00f4les en L1 gr\u00e2ce aux gros investissements estivaux de leur propri\u00e9taire BlueCo (5e). Cinqui\u00e8me en Angleterre, tenant de la Cup et vainqueur l&rsquo;\u00e9t\u00e9 dernier du Community Shield, le club de l&rsquo;attaquant international fran\u00e7ais Jean-Philippe Mateta constituera un gros morceau pour les Strasbourgeois.<\/p>\n","protected":false},"excerpt":{"rendered":"Rester dans le top 8 pour Lyon Trois semaines apr\u00e8s s\u2019\u00eatre inclin\u00e9 (2-0) sur la pelouse du Betis&hellip;\n","protected":false},"author":2,"featured_media":561552,"comment_status":"","ping_status":"","sticky":false,"template":"","format":"standard","meta":{"footnotes":""},"categories":[2815],"tags":[1111,11,1777,674,107,1701,63,1011,27,811,1307,2428,12,9442,25,2429,517,1947],"class_list":{"0":"post-561551","1":"post","2":"type-post","3":"status-publish","4":"format-standard","5":"has-post-thumbnail","7":"category-lille","8":"tag-actu","9":"tag-actualites","10":"tag-eu","11":"tag-europe","12":"tag-fil-info","13":"tag-fil-info-sport","14":"tag-football","15":"tag-fr","16":"tag-france","17":"tag-hauts-de-france","18":"tag-lille","19":"tag-lyon","20":"tag-news","21":"tag-ol-olympique-lyonnais","22":"tag-republique-francaise","23":"tag-rhone","24":"tag-sport","25":"tag-sport-national"},"share_on_mastodon":{"url":"https:\/\/pubeurope.com\/@fr\/115619990303891978","error":""},"_links":{"self":[{"href":"https:\/\/www.europesays.com\/fr\/wp-json\/wp\/v2\/posts\/561551","targetHints":{"allow":["GET"]}}],"collection":[{"href":"https:\/\/www.europesays.com\/fr\/wp-json\/wp\/v2\/posts"}],"about":[{"href":"https:\/\/www.europesays.com\/fr\/wp-json\/wp\/v2\/types\/post"}],"author":[{"embeddable":true,"href":"https:\/\/www.europesays.com\/fr\/wp-json\/wp\/v2\/users\/2"}],"replies":[{"embeddable":true,"href":"https:\/\/www.europesays.com\/fr\/wp-json\/wp\/v2\/comments?post=561551"}],"version-history":[{"count":0,"href":"https:\/\/www.europesays.com\/fr\/wp-json\/wp\/v2\/posts\/561551\/revisions"}],"wp:featuredmedia":[{"embeddable":true,"href":"https:\/\/www.europesays.com\/fr\/wp-json\/wp\/v2\/media\/561552"}],"wp:attachment":[{"href":"https:\/\/www.europesays.com\/fr\/wp-json\/wp\/v2\/media?parent=561551"}],"wp:term":[{"taxonomy":"category","embeddable":true,"href":"https:\/\/www.europesays.com\/fr\/wp-json\/wp\/v2\/categories?post=561551"},{"taxonomy":"post_tag","embeddable":true,"href":"https:\/\/www.europesays.com\/fr\/wp-json\/wp\/v2\/tags?post=561551"}],"curies":[{"name":"wp","href":"https:\/\/api.w.org\/{rel}","templated":true}]}}