{"id":561555,"date":"2025-11-27T05:24:20","date_gmt":"2025-11-27T05:24:20","guid":{"rendered":"https:\/\/www.europesays.com\/fr\/561555\/"},"modified":"2025-11-27T05:24:20","modified_gmt":"2025-11-27T05:24:20","slug":"le-psg-deuxieme-marseille-et-monaco-au-coude-a-coude-pour-les-barrages-le-classement-apres-la-5e-journee","status":"publish","type":"post","link":"https:\/\/www.europesays.com\/fr\/561555\/","title":{"rendered":"le PSG deuxi\u00e8me, Marseille et Monaco au coude \u00e0 coude pour les barrages&#8230; Le classement apr\u00e8s la 5e journ\u00e9e"},"content":{"rendered":"<p>\n    Le PSG monte \u00e0 la deuxi\u00e8me place, Marseille et Monaco \u00e0 \u00e9galit\u00e9s pour l\u2019instant qualifi\u00e9s&#8230; Le point sur le classement de la Ligue des Champions.<\/p>\n<p class=\"fig-paragraph\">Seulement une \u00e9quipe a remport\u00e9 tous ses matchs apr\u00e8s 5 journ\u00e9es de\u00a0<a href=\"http:\/\/www.lefigaro.fr\/sports\/football\/ligue-des-champions\/ligue-des-champions-arsenal-prend-le-large-liverpool-prend-l-eau-l-atletico-au-bout-du-suspens-les-resultats-du-multiplex-20251126\" target=\"_blank\" data-fig-type=\"NewsFlash\" rel=\"noopener\" data-gtm-custom-categorie=\"navigation\" data-gtm-custom-action=\"crossclick\" data-gtm-custom-label=\"Contextuel\" data-gtm-event=\"customEventSPE\" data-fig-domain=\"LEFIGARO\">Ligue des Champions<\/a>. Arsenal est d\u00e9sormais seul en t\u00eate du classement avec 15 points, apr\u00e8s une victoire face au Bayern Munich ce mercredi (3-1).<\/p>\n<p class=\"fig-body-link\">\n            \u00c0 lire aussi<br \/>\n        <a class=\"fig-body-link__link\" href=\"https:\/\/www.lefigaro.fr\/sports\/football\/ligue-des-champions\/classement\" target=\"_blank\" rel=\"noopener\" data-gtm-custom-categorie=\"navigation\" data-gtm-custom-action=\"crossclick\" data-gtm-custom-label=\"Contextuel\" data-gtm-event=\"customEventSPE\" data-fig-domain=\"LEFIGARO\"><\/p>\n<p>        Le classement de Ligue des Champions<br \/>\n    <\/a>\n<\/p>\n<p class=\"fig-paragraph\">Pour la suite, 4 \u00e9quipes sont au coude \u00e0 coude avec 12 points, mais c\u2019est le <strong>PSG <\/strong>qui est en <strong>2e position <\/strong>gr\u00e2ce au goal-average, apr\u00e8s une\u00a0<a href=\"http:\/\/www.lefigaro.fr\/sports\/football\/ligue-des-champions\/ligue-des-champions-le-psg-et-un-grand-vitinha-font-le-spectacle-face-a-tottenham-20251126\" target=\"_blank\" data-fig-type=\"NewsFlash\" rel=\"noopener\" data-gtm-custom-categorie=\"navigation\" data-gtm-custom-action=\"crossclick\" data-gtm-custom-label=\"Contextuel\" data-gtm-event=\"customEventSPE\" data-fig-domain=\"LEFIGARO\">victoire contre Tottenham (5-3).\u00a0<\/a>Les Parisiens sont suivis par le Bayern Munich, l\u2019Inter Milan et le Real Madrid.<\/p>\n<p>                                    <a class=\"fig-a11y-skip a11y-hidden\" href=\"#fig-a11y-skip-main-inarticle\"><br \/>\n        Passer la publicit\u00e9<br \/>\n    <\/a><\/p>\n<p>Monaco et Marseille encore dans la course<\/p>\n<p class=\"fig-paragraph\">Les deux autres \u00e9quipes fran\u00e7aises sont plus basses dans le tableau. Avec sa\u00a0<a href=\"http:\/\/www.lefigaro.fr\/sports\/football\/ligue-des-champions\/om-newcastle-aubameyang-virevoltant-pope-se-rate-bakola-decisif-pour-sa-premiere-les-tops-et-le-flops-20251125\" target=\"_blank\" data-fig-type=\"NewsFlash\" rel=\"noopener\" data-gtm-custom-categorie=\"navigation\" data-gtm-custom-action=\"crossclick\" data-gtm-custom-label=\"Contextuel\" data-gtm-event=\"customEventSPE\" data-fig-domain=\"LEFIGARO\">victoire face \u00e0 Newcastle (2-1),\u00a0<\/a><strong>l\u2019OM <\/strong>se positionne \u00e0 la <strong>21e place <\/strong>avec 6 points, synonyme de barrage. <strong>Monaco<\/strong>, apr\u00e8s un\u00a0<a href=\"http:\/\/www.lefigaro.fr\/sports\/football\/ligue-des-champions\/ligue-des-champions-des-regrets-pour-monaco-tenu-en-echec-par-pafos-20251126\" target=\"_blank\" data-fig-type=\"NewsFlash\" rel=\"noopener\" data-gtm-custom-categorie=\"navigation\" data-gtm-custom-action=\"crossclick\" data-gtm-custom-label=\"Contextuel\" data-gtm-event=\"customEventSPE\" data-fig-domain=\"LEFIGARO\">match nul face au Pafos (2-2),\u00a0<\/a>est aussi barragiste \u00e0 l\u2019heure actuelle \u00e0 la <strong>23e place <\/strong>avec 6 points aussi.<\/p>\n","protected":false},"excerpt":{"rendered":"Le PSG monte \u00e0 la deuxi\u00e8me place, Marseille et Monaco \u00e0 \u00e9galit\u00e9s pour l\u2019instant qualifi\u00e9s&#8230; Le point sur&hellip;\n","protected":false},"author":2,"featured_media":561556,"comment_status":"","ping_status":"","sticky":false,"template":"","format":"standard","meta":{"footnotes":""},"categories":[2814],"tags":[1111,11,2266,1981,1777,674,1011,27,884,12,1176,882,93,25],"class_list":{"0":"post-561555","1":"post","2":"type-post","3":"status-publish","4":"format-standard","5":"has-post-thumbnail","7":"category-marseille","8":"tag-actu","9":"tag-actualites","10":"tag-as-monaco","11":"tag-classement","12":"tag-eu","13":"tag-europe","14":"tag-fr","15":"tag-france","16":"tag-marseille","17":"tag-news","18":"tag-olympique-de-marseille","19":"tag-provence-alpes-cote-dazur","20":"tag-psg","21":"tag-republique-francaise"},"share_on_mastodon":{"url":"https:\/\/pubeurope.com\/@fr\/115619998414093707","error":""},"_links":{"self":[{"href":"https:\/\/www.europesays.com\/fr\/wp-json\/wp\/v2\/posts\/561555","targetHints":{"allow":["GET"]}}],"collection":[{"href":"https:\/\/www.europesays.com\/fr\/wp-json\/wp\/v2\/posts"}],"about":[{"href":"https:\/\/www.europesays.com\/fr\/wp-json\/wp\/v2\/types\/post"}],"author":[{"embeddable":true,"href":"https:\/\/www.europesays.com\/fr\/wp-json\/wp\/v2\/users\/2"}],"replies":[{"embeddable":true,"href":"https:\/\/www.europesays.com\/fr\/wp-json\/wp\/v2\/comments?post=561555"}],"version-history":[{"count":0,"href":"https:\/\/www.europesays.com\/fr\/wp-json\/wp\/v2\/posts\/561555\/revisions"}],"wp:featuredmedia":[{"embeddable":true,"href":"https:\/\/www.europesays.com\/fr\/wp-json\/wp\/v2\/media\/561556"}],"wp:attachment":[{"href":"https:\/\/www.europesays.com\/fr\/wp-json\/wp\/v2\/media?parent=561555"}],"wp:term":[{"taxonomy":"category","embeddable":true,"href":"https:\/\/www.europesays.com\/fr\/wp-json\/wp\/v2\/categories?post=561555"},{"taxonomy":"post_tag","embeddable":true,"href":"https:\/\/www.europesays.com\/fr\/wp-json\/wp\/v2\/tags?post=561555"}],"curies":[{"name":"wp","href":"https:\/\/api.w.org\/{rel}","templated":true}]}}