{"id":561557,"date":"2025-11-27T05:25:14","date_gmt":"2025-11-27T05:25:14","guid":{"rendered":"https:\/\/www.europesays.com\/fr\/561557\/"},"modified":"2025-11-27T05:25:14","modified_gmt":"2025-11-27T05:25:14","slug":"lyon-ces-deux-artistes-lyonnaises-parmi-les-plus-ecoutees-aux-etats-unis-en-2025","status":"publish","type":"post","link":"https:\/\/www.europesays.com\/fr\/561557\/","title":{"rendered":"Lyon. Ces deux artistes lyonnaises parmi les plus \u00e9cout\u00e9es aux \u00c9tats-Unis en 2025"},"content":{"rendered":"<p>La musique f\u00e9minine fran\u00e7aise &#8211; et surtout rhodanienne &#8211; rayonne outre-Atlantique en 2025, et le classement d\u00e9voil\u00e9 par Billboard France le 19 novembre confirme cet engouement. En deuxi\u00e8me position des artistes f\u00e9minines fran\u00e7aises les plus \u201cstream\u00e9es\u201d aux \u00c9tats-Unis, on retrouve Pomme, originaire de Lyon, connue notamment pour son hit Ma Meilleure Ennemie avec <a href=\"https:\/\/www.leprogres.fr\/p\/stromae\" target=\"_blank\" rel=\"noopener\">Stromae<\/a> &#8211; pour la bande-originale de la saison 2 de la s\u00e9rie Netflix Arcane. Couronn\u00e9e Artiste f\u00e9minine de l\u2019ann\u00e9e aux Victoires de la musique 2021, elle compte d\u00e9sormais quatre albums \u00e0 son actif.<\/p>\n<p>En d\u00e9but d\u2019ann\u00e9e, <a href=\"https:\/\/www.leprogres.fr\/p\/kanye-west\" target=\"_blank\" rel=\"noopener\">Kanye West<\/a>, c\u00e9l\u00e8bre rappeur am\u00e9ricain tomb\u00e9 en disgr\u00e2ce \u00e0 la suite de nombreux d\u00e9rapages antis\u00e9mites, <a href=\"https:\/\/www.leprogres.fr\/culture-loisirs\/2025\/01\/07\/le-rappeur-controverse-kayne-west-est-accuse-d-avoir-plagie-pomme-la-lyonnaise-reagit\" target=\"_blank\" rel=\"noopener\">est accus\u00e9 d\u2019avoir plagi\u00e9 la chanteuse lyonnaise<\/a> sur un titre de son nouvel album.<\/p>\n<p>  La BO d\u2019un jeu vid\u00e9o r\u00e9compens\u00e9e<\/p>\n<p>Mais autre Lyonnaise \u00e0 se faire une place de choix dans ce prestigieux palmar\u00e8s\u00a0: Alice Duport-Percier. Form\u00e9e au conservatoire de Saint-Priest puis \u00e0 l\u2019Op\u00e9ra de Lyon, cette soprano pr\u00eate sa voix \u00e0 la bande originale du jeu vid\u00e9o fran\u00e7ais \u00e0 succ\u00e8s <a href=\"https:\/\/www.leprogres.fr\/culture-loisirs\/2025\/09\/22\/succes-mondial-ce-jeu-video-francais-a-le-droit-a-son-concert-orchestral-a-l-amphi-3-000\" target=\"_blank\" rel=\"noopener\">Clair Obscur\u00a0: Expedition 33<\/a>. Class\u00e9e quatri\u00e8me des artistes f\u00e9minines fran\u00e7aises les plus stream\u00e9es aux \u00c9tats-Unis, elle a contribu\u00e9 \u00e0 propulser cet univers musical sur le devant de la sc\u00e8ne internationale.<\/p>\n<p>Ce contenu est bloqu\u00e9 car vous n&rsquo;avez pas accept\u00e9 les cookies et autres traceurs.<\/p>\n<p>En cliquant sur \u00ab J\u2019accepte \u00bb, les cookies et autres traceurs seront d\u00e9pos\u00e9s et vous pourrez visualiser les contenus  (<a href=\"\" class=\"consentModule_policy\" target=\"_blank\" title=\"Consulter la politique de protection des donn\u00e9es du fournisseur\">plus d&rsquo;informations<\/a>).<\/p>\n<p>En cliquant sur \u00ab J\u2019accepte tous les cookies \u00bb, vous autorisez des d\u00e9p\u00f4ts de cookies et autres traceurs pour le stockage de vos donn\u00e9es sur nos sites et applications \u00e0 des fins de personnalisation et de ciblage publicitaire.<\/p>\n<p class=\"consentModule_secondaryText\">Vous gardez la possibilit\u00e9 de retirer votre consentement \u00e0 tout moment en consultant notre <a href=\"https:\/\/www.leprogres.fr\/protection-des-donnees\" target=\"_blank\" title=\"Consulter notre politique de protection des donn\u00e9es\" rel=\"noopener\">politique de protection des donn\u00e9es<\/a>. <br \/>&#13;<br \/>\n            <a href=\"https:\/\/www.leprogres.fr\/culture-loisirs\/2025\/11\/27\/javascript:Didomi.notice.show()\" class=\"consentModule_cmp\" target=\"_blank\" rel=\"noopener\">G\u00e9rer mes choix<\/a>&#13;\n        <\/p>\n<p>&#13;<br \/>\n                        J&rsquo;accepte&#13;<br \/>\n            J&rsquo;accepte tous les cookies&#13;\n        <\/p>\n<p>La BO du jeu s\u2019est hiss\u00e9e \u00e0 la premi\u00e8re place du Billboard classical chart am\u00e9ricain, un fait rare pour une musique issue d\u2019un jeu vid\u00e9o. Sur Youtube, le clip de la chanson phare Lumi\u00e8re , interpr\u00e9t\u00e9e par Alice, d\u00e9passe les 10\u00a0millions de vues. \u00ab\u00a0Depuis, le nombre de mes abonn\u00e9s sur les r\u00e9seaux a explos\u00e9\u00a0!\u00a0\u00bb, expliqua-t-elle \u00e0 la rentr\u00e9e au Progr\u00e8s.<\/p>\n<p class=\"note\">Le classement complet\u00a0: 1. Indila <strong>2. Pomme<\/strong> 3. Yseult <strong>4. Alice Duport-Percier<\/strong> 5. Oklou 6. CloZee 7. <a href=\"https:\/\/www.leprogres.fr\/p\/aya-nakamura\" target=\"_blank\" rel=\"noopener\">Aya Nakamura<\/a> 8. Edith Piaf 9. Jain.<\/p>\n","protected":false},"excerpt":{"rendered":"La musique f\u00e9minine fran\u00e7aise &#8211; et surtout rhodanienne &#8211; rayonne outre-Atlantique en 2025, et le classement d\u00e9voil\u00e9 par&hellip;\n","protected":false},"author":2,"featured_media":561558,"comment_status":"","ping_status":"","sticky":false,"template":"","format":"standard","meta":{"footnotes":""},"categories":[1889],"tags":[1111,11,2430,1687,4624,3152,2757,1777,674,107,1011,27,1036,2428,2756,873,12,25,2429,4605],"class_list":{"0":"post-561557","1":"post","2":"type-post","3":"status-publish","4":"format-standard","5":"has-post-thumbnail","7":"category-lyon","8":"tag-actu","9":"tag-actualites","10":"tag-auvergne-rhone-alpes","11":"tag-culture-loisirs","12":"tag-decines-charpieu","13":"tag-edition-est-lyonnais","14":"tag-edition-lyon-villeurbanne","15":"tag-eu","16":"tag-europe","17":"tag-fil-info","18":"tag-fr","19":"tag-france","20":"tag-jeux-video","21":"tag-lyon","22":"tag-lyon-bassin","23":"tag-musique","24":"tag-news","25":"tag-republique-francaise","26":"tag-rhone","27":"tag-saint-priest"},"share_on_mastodon":{"url":"https:\/\/pubeurope.com\/@fr\/115620002219020893","error":""},"_links":{"self":[{"href":"https:\/\/www.europesays.com\/fr\/wp-json\/wp\/v2\/posts\/561557","targetHints":{"allow":["GET"]}}],"collection":[{"href":"https:\/\/www.europesays.com\/fr\/wp-json\/wp\/v2\/posts"}],"about":[{"href":"https:\/\/www.europesays.com\/fr\/wp-json\/wp\/v2\/types\/post"}],"author":[{"embeddable":true,"href":"https:\/\/www.europesays.com\/fr\/wp-json\/wp\/v2\/users\/2"}],"replies":[{"embeddable":true,"href":"https:\/\/www.europesays.com\/fr\/wp-json\/wp\/v2\/comments?post=561557"}],"version-history":[{"count":0,"href":"https:\/\/www.europesays.com\/fr\/wp-json\/wp\/v2\/posts\/561557\/revisions"}],"wp:featuredmedia":[{"embeddable":true,"href":"https:\/\/www.europesays.com\/fr\/wp-json\/wp\/v2\/media\/561558"}],"wp:attachment":[{"href":"https:\/\/www.europesays.com\/fr\/wp-json\/wp\/v2\/media?parent=561557"}],"wp:term":[{"taxonomy":"category","embeddable":true,"href":"https:\/\/www.europesays.com\/fr\/wp-json\/wp\/v2\/categories?post=561557"},{"taxonomy":"post_tag","embeddable":true,"href":"https:\/\/www.europesays.com\/fr\/wp-json\/wp\/v2\/tags?post=561557"}],"curies":[{"name":"wp","href":"https:\/\/api.w.org\/{rel}","templated":true}]}}