{"id":561559,"date":"2025-11-27T05:26:18","date_gmt":"2025-11-27T05:26:18","guid":{"rendered":"https:\/\/www.europesays.com\/fr\/561559\/"},"modified":"2025-11-27T05:26:18","modified_gmt":"2025-11-27T05:26:18","slug":"lyon-ils-cultivent-des-plants-de-cannabis-a-cote-du-lit-de-leur-bebe-de-10-mois","status":"publish","type":"post","link":"https:\/\/www.europesays.com\/fr\/561559\/","title":{"rendered":"Lyon. Ils cultivent des plants de cannabis \u00e0 c\u00f4t\u00e9 du lit de leur b\u00e9b\u00e9 de 10 mois"},"content":{"rendered":"<p>Sans une bruyante dispute entre deux trentenaires \u00e0 la d\u00e9rive, leur b\u00e9b\u00e9 de dix mois dormirait toujours \u00e0 l\u2019ombre des plants de cannabis. Mardi 25\u00a0novembre vers 3 heures du matin, des cris et des bruits inqui\u00e9tants ont r\u00e9veill\u00e9 des habitants d\u2019un immeuble du quai Arloing \u00e0 Lyon (9e) qui, pensant qu\u2019une femme \u00e9tait en danger, ont appel\u00e9 police secours.<\/p>\n<p>Un \u00e9quipage s\u2019est rendu sur place, o\u00f9 le couple a expliqu\u00e9 qu\u2019il s\u2019agissait d\u2019une dispute verbale uniquement, ce qu\u2019ont confirm\u00e9 les premi\u00e8res constatations. Les policiers ont toutefois fait le tour de l\u2019appartement pour s\u2019assurer qu\u2019il n\u2019y avait pas de danger. Ils ont alors fait une d\u00e9couverte inattendue, dans la chambre o\u00f9 dormait l\u2019enfant du couple, \u00e2g\u00e9 de dix mois.<\/p>\n<p>  Serra, soufflerie, lampe&#8230;<\/p>\n<p>Une serre \u00e9quip\u00e9e d\u2019une soufflerie et d\u2019une lampe \u00e9tait install\u00e9e tout pr\u00e8s du lit de b\u00e9b\u00e9 et renfermait deux gros plants de cannabis. Appel\u00e9 \u00e0 s\u2019expliquer sur cette culture, le p\u00e8re a affirm\u00e9 qu\u2019il s\u2019agissait juste de produire du cannabidiol (CBD), qui n\u2019est pas class\u00e9 comme stup\u00e9fiant, ce que les analyses ult\u00e9rieures ont d\u00e9menti. Les quelque 1\u00a0200 grammes de cannabis pr\u00e9sentaient en effet une forte concentration de\u00a0t\u00e9trahydrocannabinol (THC), class\u00e9 comme psychotrope.<\/p>\n<p>  Le b\u00e9b\u00e9 a \u00e9t\u00e9 plac\u00e9<\/p>\n<p>Les deux parents ont \u00e9t\u00e9 interpell\u00e9s et plac\u00e9s en garde \u00e0 vue pour <a href=\"https:\/\/www.leprogres.fr\/faits-divers-justice\/2023\/05\/16\/trafic-de-drogue-le-nerf-de-la-guerre-c-est-que-ca-rapporte\" target=\"_blank\" rel=\"noopener\">d\u00e9tention de stup\u00e9fiants<\/a> et soustraction aux obligations parentales. Un magistrat de permanence a d\u00e9livr\u00e9 dans la nuit une ordonnance de placement provisoire du b\u00e9b\u00e9, qui a \u00e9t\u00e9 transport\u00e9 \u00e0 l\u2019H\u00f4pital Femme M\u00e8re Enfant pour un bilan de sant\u00e9. Selon les premiers r\u00e9sultats, il est rassurant, mais l\u2019enfant reste plac\u00e9 en vue d\u2019une \u00e9valuation.<\/p>\n<p>Ce contenu est bloqu\u00e9 car vous n&rsquo;avez pas accept\u00e9 les cookies et autres traceurs.<\/p>\n<p>En cliquant sur \u00ab J\u2019accepte \u00bb, les cookies et autres traceurs seront d\u00e9pos\u00e9s et vous pourrez visualiser les contenus  (<a href=\"\" class=\"consentModule_policy\" target=\"_blank\" title=\"Consulter la politique de protection des donn\u00e9es du fournisseur\">plus d&rsquo;informations<\/a>).<\/p>\n<p>En cliquant sur \u00ab J\u2019accepte tous les cookies \u00bb, vous autorisez des d\u00e9p\u00f4ts de cookies et autres traceurs pour le stockage de vos donn\u00e9es sur nos sites et applications \u00e0 des fins de personnalisation et de ciblage publicitaire.<\/p>\n<p class=\"consentModule_secondaryText\">Vous gardez la possibilit\u00e9 de retirer votre consentement \u00e0 tout moment en consultant notre <a href=\"https:\/\/www.leprogres.fr\/protection-des-donnees\" target=\"_blank\" title=\"Consulter notre politique de protection des donn\u00e9es\" rel=\"noopener\">politique de protection des donn\u00e9es<\/a>. <br \/>&#13;<br \/>\n            <a href=\"https:\/\/www.leprogres.fr\/faits-divers-justice\/2025\/11\/27\/javascript:Didomi.notice.show()\" class=\"consentModule_cmp\" target=\"_blank\" rel=\"noopener\">G\u00e9rer mes choix<\/a>&#13;\n        <\/p>\n<p>&#13;<br \/>\n                        J&rsquo;accepte&#13;<br \/>\n            J&rsquo;accepte tous les cookies&#13;\n        <\/p>\n<p>Ses parents, \u00e2g\u00e9s de 29 et 31 ans, sont dans une situation pr\u00e9caire, sans emploi ni ressources officielles. Le p\u00e8re a des ant\u00e9c\u00e9dents en mati\u00e8re de stup\u00e9fiants et la m\u00e8re pr\u00e9sente des troubles psychologiques. Ils ont \u00e9t\u00e9 d\u00e9f\u00e9r\u00e9s en vue d\u2019une convocation ult\u00e9rieure au tribunal et d\u2019un placement sous contr\u00f4le judiciaire.<\/p>\n","protected":false},"excerpt":{"rendered":"Sans une bruyante dispute entre deux trentenaires \u00e0 la d\u00e9rive, leur b\u00e9b\u00e9 de dix mois dormirait toujours \u00e0&hellip;\n","protected":false},"author":2,"featured_media":561560,"comment_status":"","ping_status":"","sticky":false,"template":"","format":"standard","meta":{"footnotes":""},"categories":[1889],"tags":[1111,11,2430,271,272,2757,1777,674,274,107,1011,27,2428,24818,24817,12,25,2429],"class_list":{"0":"post-561559","1":"post","2":"type-post","3":"status-publish","4":"format-standard","5":"has-post-thumbnail","7":"category-lyon","8":"tag-actu","9":"tag-actualites","10":"tag-auvergne-rhone-alpes","11":"tag-crime","12":"tag-delit-et-contravention","13":"tag-edition-lyon-villeurbanne","14":"tag-eu","15":"tag-europe","16":"tag-faits-divers-justice","17":"tag-fil-info","18":"tag-fr","19":"tag-france","20":"tag-lyon","21":"tag-lyon-9e","22":"tag-lyon-9e-arrondissement","23":"tag-news","24":"tag-republique-francaise","25":"tag-rhone"},"share_on_mastodon":{"url":"https:\/\/pubeurope.com\/@fr\/115620006015720900","error":""},"_links":{"self":[{"href":"https:\/\/www.europesays.com\/fr\/wp-json\/wp\/v2\/posts\/561559","targetHints":{"allow":["GET"]}}],"collection":[{"href":"https:\/\/www.europesays.com\/fr\/wp-json\/wp\/v2\/posts"}],"about":[{"href":"https:\/\/www.europesays.com\/fr\/wp-json\/wp\/v2\/types\/post"}],"author":[{"embeddable":true,"href":"https:\/\/www.europesays.com\/fr\/wp-json\/wp\/v2\/users\/2"}],"replies":[{"embeddable":true,"href":"https:\/\/www.europesays.com\/fr\/wp-json\/wp\/v2\/comments?post=561559"}],"version-history":[{"count":0,"href":"https:\/\/www.europesays.com\/fr\/wp-json\/wp\/v2\/posts\/561559\/revisions"}],"wp:featuredmedia":[{"embeddable":true,"href":"https:\/\/www.europesays.com\/fr\/wp-json\/wp\/v2\/media\/561560"}],"wp:attachment":[{"href":"https:\/\/www.europesays.com\/fr\/wp-json\/wp\/v2\/media?parent=561559"}],"wp:term":[{"taxonomy":"category","embeddable":true,"href":"https:\/\/www.europesays.com\/fr\/wp-json\/wp\/v2\/categories?post=561559"},{"taxonomy":"post_tag","embeddable":true,"href":"https:\/\/www.europesays.com\/fr\/wp-json\/wp\/v2\/tags?post=561559"}],"curies":[{"name":"wp","href":"https:\/\/api.w.org\/{rel}","templated":true}]}}