{"id":561561,"date":"2025-11-27T05:28:14","date_gmt":"2025-11-27T05:28:14","guid":{"rendered":"https:\/\/www.europesays.com\/fr\/561561\/"},"modified":"2025-11-27T05:28:14","modified_gmt":"2025-11-27T05:28:14","slug":"transformation-du-peripherique-parisien-valerie-pecresse-veut-le-couvrir-en-partie-pour-creer-des-parkings-relais","status":"publish","type":"post","link":"https:\/\/www.europesays.com\/fr\/561561\/","title":{"rendered":"Transformation du p\u00e9riph\u00e9rique parisien\u00a0: Val\u00e9rie P\u00e9cresse veut le couvrir en partie pour cr\u00e9er des parkings relais"},"content":{"rendered":"<p class=\"paragraph text_align_left lp-f-body-02\">Alors que la Ville de Paris pr\u00e9cise son projet pour la future transformation <a href=\"https:\/\/www.leparisien.fr\/info-paris-ile-de-france-oise\/transports\/peripherique-de-paris\/\" target=\"_self\" rel=\"noopener\">du p\u00e9riph\u00e9rique<\/a>, Val\u00e9rie P\u00e9cresse, la pr\u00e9sidente (LR) de la r\u00e9gion \u00cele-de-France, d\u00e9fend une approche diff\u00e9rente. Mais avec un objectif commun : \u00ab Supprimer cette cicatrice urbaine entre Paris et sa banlieue. \u00bb<\/p>\n<p class=\"paragraph text_align_left lp-f-body-02\"><b>Une r\u00e9cente \u00e9tude de la mairie de Paris remet les projecteurs sur la transformation du p\u00e9riph\u00e9rique en boulevard urbain. Que pensez-vous de ce projet ?<\/b><\/p>\n","protected":false},"excerpt":{"rendered":"Alors que la Ville de Paris pr\u00e9cise son projet pour la future transformation du p\u00e9riph\u00e9rique, Val\u00e9rie P\u00e9cresse, la&hellip;\n","protected":false},"author":2,"featured_media":561562,"comment_status":"","ping_status":"","sticky":false,"template":"","format":"standard","meta":{"footnotes":""},"categories":[1592],"tags":[1111,11,1777,674,1011,27,662,1944,12,626,25,2382],"class_list":{"0":"post-561561","1":"post","2":"type-post","3":"status-publish","4":"format-standard","5":"has-post-thumbnail","7":"category-ile-de-france","8":"tag-actu","9":"tag-actualites","10":"tag-eu","11":"tag-europe","12":"tag-fr","13":"tag-france","14":"tag-ile-de-france","15":"tag-ma-ville","16":"tag-news","17":"tag-paris","18":"tag-republique-francaise","19":"tag-transport-idf-oise"},"share_on_mastodon":{"url":"https:\/\/pubeurope.com\/@fr\/115620013960759357","error":""},"_links":{"self":[{"href":"https:\/\/www.europesays.com\/fr\/wp-json\/wp\/v2\/posts\/561561","targetHints":{"allow":["GET"]}}],"collection":[{"href":"https:\/\/www.europesays.com\/fr\/wp-json\/wp\/v2\/posts"}],"about":[{"href":"https:\/\/www.europesays.com\/fr\/wp-json\/wp\/v2\/types\/post"}],"author":[{"embeddable":true,"href":"https:\/\/www.europesays.com\/fr\/wp-json\/wp\/v2\/users\/2"}],"replies":[{"embeddable":true,"href":"https:\/\/www.europesays.com\/fr\/wp-json\/wp\/v2\/comments?post=561561"}],"version-history":[{"count":0,"href":"https:\/\/www.europesays.com\/fr\/wp-json\/wp\/v2\/posts\/561561\/revisions"}],"wp:featuredmedia":[{"embeddable":true,"href":"https:\/\/www.europesays.com\/fr\/wp-json\/wp\/v2\/media\/561562"}],"wp:attachment":[{"href":"https:\/\/www.europesays.com\/fr\/wp-json\/wp\/v2\/media?parent=561561"}],"wp:term":[{"taxonomy":"category","embeddable":true,"href":"https:\/\/www.europesays.com\/fr\/wp-json\/wp\/v2\/categories?post=561561"},{"taxonomy":"post_tag","embeddable":true,"href":"https:\/\/www.europesays.com\/fr\/wp-json\/wp\/v2\/tags?post=561561"}],"curies":[{"name":"wp","href":"https:\/\/api.w.org\/{rel}","templated":true}]}}