{"id":561563,"date":"2025-11-27T05:29:17","date_gmt":"2025-11-27T05:29:17","guid":{"rendered":"https:\/\/www.europesays.com\/fr\/561563\/"},"modified":"2025-11-27T05:29:17","modified_gmt":"2025-11-27T05:29:17","slug":"au-proces-de-lafarge-plongee-dans-lengrenage-qui-a-conduit-le-cimentier-a-signer-un-pacte-avec-les-djihadistes","status":"publish","type":"post","link":"https:\/\/www.europesays.com\/fr\/561563\/","title":{"rendered":"Au proc\u00e8s de Lafarge, plong\u00e9e dans l\u2019engrenage qui a conduit le cimentier \u00e0 signer un pacte avec les djihadistes"},"content":{"rendered":"<p>                     <img loading=\"lazy\" decoding=\"async\" src=\"https:\/\/www.europesays.com\/fr\/wp-content\/uploads\/2025\/11\/340c979_upload-1-hejw3aru3hpr-millet-lafarge.jpg\" alt=\"\"   width=\"664\" height=\"443\"\/>      S\u00c9VERIN MILLET                 <\/p>\n<p class=\"article__paragraph  \">Cette fois, on y est. Dans cette r\u00e9gion perdue du nord de la Syrie, entre le fleuve Euphrate et la fronti\u00e8re turque, avec son paysage de steppe semi-aride, sa route M4, ses milices arm\u00e9es, ses checkpoints, ses kidnappings\u2026 et sa cimenterie.<\/p>\n<p class=\"article__paragraph  \">Apr\u00e8s une longue introduction de cinq jours, le tribunal correctionnel de Paris s\u2019est enfin plong\u00e9, mardi\u00a025\u00a0et mercredi 26\u00a0novembre, dans le c\u0153ur du dossier qui vaut \u00e0 Lafarge d\u2019\u00eatre jug\u00e9 pour \u00ab\u00a0financement du terrorisme\u00a0\u00bb\u00a0: les erreurs de jugement sid\u00e9rantes qui ont conduit ses anciens responsables \u00e0 financer les groupes djihadistes pr\u00e9sents autour de l\u2019usine de Jalabiya pour continuer \u00e0 produire du ciment \u00e0 tout prix, alors que le pays sombrait dans la guerre civile.<\/p>\n<p>                              Lire aussi |  Article r\u00e9serv\u00e9 \u00e0 nos abonn\u00e9s  <a href=\"https:\/\/www.lemonde.fr\/societe\/article\/2025\/11\/25\/au-proces-de-lafarge-la-question-centrale-du-dossier-les-anciens-dirigeants-du-groupe-avaient-ils-conscience-de-financer-des-organisations-terroristes_6654697_3224.html\" class=\"js-article-read-also catcher--favoris__link\" data-premium=\"1\" id=\"article-title-3447913\" target=\"_blank\" rel=\"noopener\">Au proc\u00e8s de\u00a0Lafarge, la\u00a0question centrale du\u00a0dossier\u00a0: les anciens dirigeants du\u00a0groupe avaient-ils conscience de\u00a0financer des organisations terroristes\u00a0?<\/a>    <\/p>\n<p>   Lire plus tard  <\/p>\n<p class=\"article__paragraph  \">Cet engrenage a d\u00e9but\u00e9 au cours de l\u2019\u00e9t\u00e9 2012. Alors que plusieurs employ\u00e9s syriens viennent d\u2019\u00eatre kidnapp\u00e9s, puis lib\u00e9r\u00e9s contre ran\u00e7on, par des factions arm\u00e9es proches de l\u2019Arm\u00e9e syrienne libre (ASL), un rassemblement h\u00e9t\u00e9roclite de groupes rebelles, la direction de l\u2019usine prend la d\u00e9cision d\u2019exfiltrer ses salari\u00e9s expatri\u00e9s hors de Syrie. \u00ab\u00a0Les kidnappings se multipliant, ils \u00e9taient devenus des proies potentielles\u00a0\u00bb, a expliqu\u00e9, mardi, l\u2019ancien directeur de la cimenterie, Bruno Pescheux, 69\u00a0ans. Les employ\u00e9s syriens, eux, restent sur place pour relancer la production de l\u2019usine qui avait \u00e9t\u00e9 mise un temps \u00e0 l\u2019arr\u00eat.<\/p>\n<p class=\"reading-mode-only \"><strong>Il vous reste 89.52% de cet article \u00e0 lire. La suite est r\u00e9serv\u00e9e aux abonn\u00e9s.<\/strong><\/p>\n","protected":false},"excerpt":{"rendered":"S\u00c9VERIN MILLET Cette fois, on y est. Dans cette r\u00e9gion perdue du nord de la Syrie, entre le&hellip;\n","protected":false},"author":2,"featured_media":561564,"comment_status":"","ping_status":"","sticky":false,"template":"","format":"standard","meta":{"footnotes":""},"categories":[1888],"tags":[1111,1928,11,1927,1777,674,1011,27,12,1926,626,1925,25],"class_list":{"0":"post-561563","1":"post","2":"type-post","3":"status-publish","4":"format-standard","5":"has-post-thumbnail","7":"category-paris","8":"tag-actu","9":"tag-actu-paris","10":"tag-actualites","11":"tag-actualites-paris","12":"tag-eu","13":"tag-europe","14":"tag-fr","15":"tag-france","16":"tag-news","17":"tag-news-paris","18":"tag-paris","19":"tag-paris-news","20":"tag-republique-francaise"},"share_on_mastodon":{"url":"https:\/\/pubeurope.com\/@fr\/115620019488802464","error":""},"_links":{"self":[{"href":"https:\/\/www.europesays.com\/fr\/wp-json\/wp\/v2\/posts\/561563","targetHints":{"allow":["GET"]}}],"collection":[{"href":"https:\/\/www.europesays.com\/fr\/wp-json\/wp\/v2\/posts"}],"about":[{"href":"https:\/\/www.europesays.com\/fr\/wp-json\/wp\/v2\/types\/post"}],"author":[{"embeddable":true,"href":"https:\/\/www.europesays.com\/fr\/wp-json\/wp\/v2\/users\/2"}],"replies":[{"embeddable":true,"href":"https:\/\/www.europesays.com\/fr\/wp-json\/wp\/v2\/comments?post=561563"}],"version-history":[{"count":0,"href":"https:\/\/www.europesays.com\/fr\/wp-json\/wp\/v2\/posts\/561563\/revisions"}],"wp:featuredmedia":[{"embeddable":true,"href":"https:\/\/www.europesays.com\/fr\/wp-json\/wp\/v2\/media\/561564"}],"wp:attachment":[{"href":"https:\/\/www.europesays.com\/fr\/wp-json\/wp\/v2\/media?parent=561563"}],"wp:term":[{"taxonomy":"category","embeddable":true,"href":"https:\/\/www.europesays.com\/fr\/wp-json\/wp\/v2\/categories?post=561563"},{"taxonomy":"post_tag","embeddable":true,"href":"https:\/\/www.europesays.com\/fr\/wp-json\/wp\/v2\/tags?post=561563"}],"curies":[{"name":"wp","href":"https:\/\/api.w.org\/{rel}","templated":true}]}}