{"id":561565,"date":"2025-11-27T05:30:18","date_gmt":"2025-11-27T05:30:18","guid":{"rendered":"https:\/\/www.europesays.com\/fr\/561565\/"},"modified":"2025-11-27T05:30:18","modified_gmt":"2025-11-27T05:30:18","slug":"vainqueur-sur-la-pelouse-de-lolympiakos-le-real-madrid-peut-encore-remercier-kylian-mbappe-auteur-dun-quadruple","status":"publish","type":"post","link":"https:\/\/www.europesays.com\/fr\/561565\/","title":{"rendered":"Vainqueur sur la pelouse de l&rsquo;Olympiakos, le Real Madrid peut encore remercier Kylian Mbapp\u00e9, auteur d&rsquo;un quadrupl\u00e9"},"content":{"rendered":"\n<p class=\"Paragraph__content\" data-v-e14a34bc=\"\">Non, non, rassurez-vous, il ne s&rsquo;agit pas l\u00e0 du m\u00eame d\u00e9but d&rsquo;article habituel sur Kylian Mbapp\u00e9 qui empile les buts. Enfin, \u00e0 y lire de plus pr\u00e8s, il est possible que les adjectifs soient tout aussi laudateurs, le constat \u00e0 peu pr\u00e8s identique et les enseignements au moins aussi enchanteurs. Alors, on y va\u00a0! Ce mercredi, \u00e0 Ath\u00e8nes, face \u00e0 l&rsquo;Olympiakos, l&rsquo;avant-centre fran\u00e7ais du Real Madrid, auteur d&rsquo;un quadrupl\u00e9, son premier en Ligue des champions, a \u00e9t\u00e9 une nouvelle fois \u00e9norme (on a d\u00fb l&rsquo;\u00e9crire d\u00e9j\u00e0), d&rsquo;une efficacit\u00e9 redoutable (\u00e7a, c&rsquo;est \u00e0 peu pr\u00e8s s\u00fbr), il a port\u00e9 son \u00e9quipe (\u00e7a, pas de doute, on l&rsquo;a \u00e9crit, et m\u00eame plusieurs fois) et l&rsquo;a arrach\u00e9e \u00e0 un d\u00e9but de match laborieux en marquant sur chacune de ses occasions.<\/p>\n<p class=\"Paragraph__content\" data-v-e14a34bc=\"\">Fait nouveau cette saison et sous les couleurs du Real (ah, vous voyez\u00a0!), Mbapp\u00e9 a marqu\u00e9 de la t\u00eate, preuve qu&rsquo;il sait donc le faire et que son nez cass\u00e9 n&rsquo;est vraiment plus qu&rsquo;un lointain souvenir. Souvent, depuis la reprise estivale, apr\u00e8s avoir \u00e9crit que le num\u00e9ro\u00a010 avait soustrait sa formation \u00e0 un marasme de plus en plus \u00e9vident, il est fait \u00e9talage de ses statistiques. Il est d\u00e9licat, ce mercredi, de ne pas renouveler la formule puisque le Fran\u00e7ais (26\u00a0ans) semble changer d&rsquo;\u00e9tage match apr\u00e8s match. Il compte d\u00e9sormais neuf buts en C1 en cinq journ\u00e9es, ce qui ne lui \u00e9tait encore jamais arriv\u00e9 dans sa carri\u00e8re et le place tout en haut du classement des buteurs, assez loin devant le Nig\u00e9rian de Galatasaray, Victor Osimhen (6 buts). Il affiche par ailleurs un bilan provisoire de 27\u00a0buts toutes comp\u00e9titions et maillots confondus.<\/p>\n<p>                        Un tripl\u00e9 en 6&rsquo;42\u00a0\u00bb chrono <\/p>\n<p class=\"Paragraph__content\" data-v-e14a34bc=\"\">Il eut beau observer une pause de trois rencontres sans marquer avec le Real, qui correspondait \u00e9trangement \u00e0 la s\u00e9quence de trois matches sans victoire des Merengues, ce n&rsquo;\u00e9tait qu&rsquo;un repos passager, une petite reprise d&rsquo;oxyg\u00e8ne, une recharge qui pourrait annoncer une fin d&rsquo;ann\u00e9e 2025 en fanfare. En Gr\u00e8ce, il lui a fallu 6 minutes et 42 secondes entre son \u00e9galisation et son troisi\u00e8me but &#8211; qui aurait d\u00fb assommer l&rsquo;adversaire -, troisi\u00e8me tripl\u00e9 le plus rapide de l&rsquo;histoire de la comp\u00e9tition. Il sait au moins ce qu&rsquo;il doit faire pour arracher le record\u00a0: mettre trente secondes de moins puisque c&rsquo;est en 6&rsquo;12\u00a0\u00bb que Mohamed Salah, contre les Glasgow Rangers, le 12\u00a0octobre 2022 (7-1), a sign\u00e9 le tripl\u00e9 le plus rapide en C1.<\/p>\n<p class=\"Paragraph__content\" data-v-e14a34bc=\"\">Ensuite, Mbapp\u00e9 a essay\u00e9 de faire marquer Vinicius, qui lui avait offert un caviar, de l&rsquo;ext\u00e9rieur, sur l&rsquo;\u00e9galisation. Le Fran\u00e7ais a insist\u00e9. Il l&rsquo;a d\u00e9cal\u00e9 (mais le Br\u00e9silien \u00e9tait hors-jeu de quelques centim\u00e8tres). Il a fait des appels pour que le Br\u00e9silien s&rsquo;en serve et se mette en position de frapper. Mais ce ne fut pas suffisant. Au moins, les deux attaquants se cherchent encore et ils continuent de nouer une relation de plus en plus \u00e9troite. Mais puisque \u00ab\u00a0Vini\u00a0\u00bb peinait, c&rsquo;est encore \u00ab\u00a0Kyky\u00a0\u00bb qui a fait le m\u00e9tier en ajoutant un quatri\u00e8me but, huit minutes apr\u00e8s que Mehdi Taremi marque de la t\u00eate et diffuse la menace d&rsquo;une trag\u00e9die grecque.<\/p>\n<p>                        Son 3e quadrupl\u00e9 <\/p>\n<p class=\"Paragraph__content\" data-v-e14a34bc=\"\">Dans sa carri\u00e8re, Mbapp\u00e9 n&rsquo;a pas souvent marqu\u00e9 de quadrupl\u00e9. Il en comptait deux\u00a0: un face au Kazakhstan en bleu (8-0, le 13\u00a0novembre 2021) et un contre Lyon avec le PSG (5-0, le 7\u00a0octobre 2018). Celui-ci, avec le maillot du Real, a forc\u00e9ment une saveur particuli\u00e8re, d&rsquo;autant qu&rsquo;il offre \u00e0 lui seul une victoire qui semblait s&rsquo;\u00e9chapper tout doucement, ce qui aurait plac\u00e9 Xabi Alonso dans une situation tr\u00e8s inconfortable.<\/p>\n<p class=\"Paragraph__content\" data-v-e14a34bc=\"\">L&rsquo;entra\u00eeneur madril\u00e8ne doit se r\u00e9jouir de ne pas avoir impos\u00e9 \u00e0 son avant-centre des replis d\u00e9fensifs automatiques, peu importe qu&rsquo;il ait perdu le ballon sur l&rsquo;ouverture du score de l&rsquo;Olympiakos. Il peut aussi se f\u00e9liciter d&rsquo;avoir su nouer une relation privil\u00e9gi\u00e9e avec lui. Sans Mbapp\u00e9, qui a marqu\u00e9 9 des 12\u00a0buts du Real en C1, l&rsquo;\u00e9quipe ne serait sans doute pas 5e au classement provisoire. Avec Mbapp\u00e9, qui d\u00e9clarait mercredi soir au micro de Movistar, \u00ab\u00a0les joueurs, nous devons nous prot\u00e9ger et prot\u00e9ger l&rsquo;entra\u00eeneur, on doit \u00eatre unis\u00a0\u00bb, Xabi Alonso se sait \u00e0 l&rsquo;abri. Il peut continuer de lui laisser les cl\u00e9s.<\/p>\n","protected":false},"excerpt":{"rendered":"Non, non, rassurez-vous, il ne s&rsquo;agit pas l\u00e0 du m\u00eame d\u00e9but d&rsquo;article habituel sur Kylian Mbapp\u00e9 qui empile&hellip;\n","protected":false},"author":2,"featured_media":561566,"comment_status":"","ping_status":"","sticky":false,"template":"","format":"standard","meta":{"footnotes":""},"categories":[1888],"tags":[1111,1928,11,1927,1777,674,1011,27,12,1926,626,1925,25],"class_list":{"0":"post-561565","1":"post","2":"type-post","3":"status-publish","4":"format-standard","5":"has-post-thumbnail","7":"category-paris","8":"tag-actu","9":"tag-actu-paris","10":"tag-actualites","11":"tag-actualites-paris","12":"tag-eu","13":"tag-europe","14":"tag-fr","15":"tag-france","16":"tag-news","17":"tag-news-paris","18":"tag-paris","19":"tag-paris-news","20":"tag-republique-francaise"},"share_on_mastodon":{"url":"https:\/\/pubeurope.com\/@fr\/115620021725233891","error":""},"_links":{"self":[{"href":"https:\/\/www.europesays.com\/fr\/wp-json\/wp\/v2\/posts\/561565","targetHints":{"allow":["GET"]}}],"collection":[{"href":"https:\/\/www.europesays.com\/fr\/wp-json\/wp\/v2\/posts"}],"about":[{"href":"https:\/\/www.europesays.com\/fr\/wp-json\/wp\/v2\/types\/post"}],"author":[{"embeddable":true,"href":"https:\/\/www.europesays.com\/fr\/wp-json\/wp\/v2\/users\/2"}],"replies":[{"embeddable":true,"href":"https:\/\/www.europesays.com\/fr\/wp-json\/wp\/v2\/comments?post=561565"}],"version-history":[{"count":0,"href":"https:\/\/www.europesays.com\/fr\/wp-json\/wp\/v2\/posts\/561565\/revisions"}],"wp:featuredmedia":[{"embeddable":true,"href":"https:\/\/www.europesays.com\/fr\/wp-json\/wp\/v2\/media\/561566"}],"wp:attachment":[{"href":"https:\/\/www.europesays.com\/fr\/wp-json\/wp\/v2\/media?parent=561565"}],"wp:term":[{"taxonomy":"category","embeddable":true,"href":"https:\/\/www.europesays.com\/fr\/wp-json\/wp\/v2\/categories?post=561565"},{"taxonomy":"post_tag","embeddable":true,"href":"https:\/\/www.europesays.com\/fr\/wp-json\/wp\/v2\/tags?post=561565"}],"curies":[{"name":"wp","href":"https:\/\/api.w.org\/{rel}","templated":true}]}}