{"id":561569,"date":"2025-11-27T05:33:18","date_gmt":"2025-11-27T05:33:18","guid":{"rendered":"https:\/\/www.europesays.com\/fr\/561569\/"},"modified":"2025-11-27T05:33:18","modified_gmt":"2025-11-27T05:33:18","slug":"comment-la-ville-de-paris-finance-genereusement-un-projet-du-diocese-et-des-associations-de-la-galaxie-sterin-liberation","status":"publish","type":"post","link":"https:\/\/www.europesays.com\/fr\/561569\/","title":{"rendered":"comment la ville de Paris finance g\u00e9n\u00e9reusement un projet du dioc\u00e8se et des associations de la galaxie St\u00e9rin \u2013 Lib\u00e9ration"},"content":{"rendered":"<p class=\"sc-cPiKLX AiZTS text-element\">C\u2019est \u00abune r\u00e9habilitation exceptionnelle\u00bb, comme le clament les panneaux verts placard\u00e9s sur le chantier. Sur une imposante parcelle de plus de 7 000 m\u00b2, en plein c\u0153ur du tr\u00e8s pris\u00e9 VIe arrondissement parisien, un projet d\u2019ampleur, celui de Maison de la Visitation-Vaugirard, bat son plein depuis le mois de septembre, malgr\u00e9 des oppositions tenaces d\u2019associations de protection du patrimoine et du propri\u00e9taire de l\u2019h\u00f4tel de Chambon adjacent, l\u2019acteur G\u00e9rard Depardieu. \u00abLe dernier tr\u00e8s grand projet de cet ordre \u00e0 Paris, c\u2019\u00e9tait le <a href=\"https:\/\/www.liberation.fr\/societe\/2002\/08\/10\/les-grands-travaux-de-mgr-lustiger_412508\/\" target=\"_blank\" rel=\"noopener\" title=\"https:\/\/www.liberation.fr\/societe\/2002\/08\/10\/les-grands-travaux-de-mgr-lustiger_412508\/\">coll\u00e8ge des Bernardins<\/a>\u00bb, <a href=\"https:\/\/www.famillechretienne.fr\/45679\/article\/le-sort-pas-banal-dun-ancien-couvent-en-plein-coeur-de-paris\" target=\"_blank\" rel=\"noopener\" title=\"https:\/\/www.famillechretienne.fr\/45679\/article\/le-sort-pas-banal-dun-ancien-couvent-en-plein-coeur-de-paris\">estime dans un article de Famille chr\u00e9tienne<\/a> Ga\u00eblle Rault, d\u00e9l\u00e9gu\u00e9e g\u00e9n\u00e9rale adjointe de la Fondation Notre-Dame, premier financeur priv\u00e9 du projet, \u00e0 hauteur de 6 millions d\u2019euros, devant la Fondation Bettencourt-Schueller. Et aux c\u00f4t\u00e9s de tr\u00e8s g\u00e9n\u00e9reux soutiens publics de l\u2019Etat, la r\u00e9gion Ile-de-France et la ville de Paris.<\/p>\n<p class=\"sc-cPiKLX AiZTS text-element\">Au 110 bis de la rue de Vaugirard, le bailleur 3F R\u00e9sidences et l\u2019op\u00e9rateur Eiffage immobilier <\/p>\n","protected":false},"excerpt":{"rendered":"C\u2019est \u00abune r\u00e9habilitation exceptionnelle\u00bb, comme le clament les panneaux verts placard\u00e9s sur le chantier. Sur une imposante parcelle&hellip;\n","protected":false},"author":2,"featured_media":561570,"comment_status":"","ping_status":"","sticky":false,"template":"","format":"standard","meta":{"footnotes":""},"categories":[1888],"tags":[11,11863,1777,674,1076,1011,27,7085,12,626,24249,25],"class_list":{"0":"post-561569","1":"post","2":"type-post","3":"status-publish","4":"format-standard","5":"has-post-thumbnail","7":"category-paris","8":"tag-actualites","9":"tag-catholicisme","10":"tag-eu","11":"tag-europe","12":"tag-extreme-droite","13":"tag-fr","14":"tag-france","15":"tag-ivg","16":"tag-news","17":"tag-paris","18":"tag-pierre-edouard-sterin","19":"tag-republique-francaise"},"share_on_mastodon":{"url":"https:\/\/pubeurope.com\/@fr\/115620033952959151","error":""},"_links":{"self":[{"href":"https:\/\/www.europesays.com\/fr\/wp-json\/wp\/v2\/posts\/561569","targetHints":{"allow":["GET"]}}],"collection":[{"href":"https:\/\/www.europesays.com\/fr\/wp-json\/wp\/v2\/posts"}],"about":[{"href":"https:\/\/www.europesays.com\/fr\/wp-json\/wp\/v2\/types\/post"}],"author":[{"embeddable":true,"href":"https:\/\/www.europesays.com\/fr\/wp-json\/wp\/v2\/users\/2"}],"replies":[{"embeddable":true,"href":"https:\/\/www.europesays.com\/fr\/wp-json\/wp\/v2\/comments?post=561569"}],"version-history":[{"count":0,"href":"https:\/\/www.europesays.com\/fr\/wp-json\/wp\/v2\/posts\/561569\/revisions"}],"wp:featuredmedia":[{"embeddable":true,"href":"https:\/\/www.europesays.com\/fr\/wp-json\/wp\/v2\/media\/561570"}],"wp:attachment":[{"href":"https:\/\/www.europesays.com\/fr\/wp-json\/wp\/v2\/media?parent=561569"}],"wp:term":[{"taxonomy":"category","embeddable":true,"href":"https:\/\/www.europesays.com\/fr\/wp-json\/wp\/v2\/categories?post=561569"},{"taxonomy":"post_tag","embeddable":true,"href":"https:\/\/www.europesays.com\/fr\/wp-json\/wp\/v2\/tags?post=561569"}],"curies":[{"name":"wp","href":"https:\/\/api.w.org\/{rel}","templated":true}]}}