{"id":561575,"date":"2025-11-27T05:36:20","date_gmt":"2025-11-27T05:36:20","guid":{"rendered":"https:\/\/www.europesays.com\/fr\/561575\/"},"modified":"2025-11-27T05:36:20","modified_gmt":"2025-11-27T05:36:20","slug":"afghan-pere-de-famille-arrive-aux-etats-unis-en-2021-ce-que-lon-sait-de-lauteur-presume-des-tirs-contre-deux-militaires-a-washington","status":"publish","type":"post","link":"https:\/\/www.europesays.com\/fr\/561575\/","title":{"rendered":"Afghan, p\u00e8re de famille, arriv\u00e9 aux \u00c9tats-Unis en 2021&#8230; Ce que l\u2019on sait de l\u2019auteur pr\u00e9sum\u00e9 des tirs contre deux militaires \u00e0 Washington"},"content":{"rendered":"<p>\n    Un homme a ouvert le feu mercredi sur des soldats de la\u00a0Garde nationale\u00a0en plein centre de Washington, blessant gri\u00e8vement deux d\u2019entre eux. D\u2019apr\u00e8s la presse am\u00e9ricaine, il s\u2019agirait d\u2019un ancien militaire de 29 ans de nationalit\u00e9 afghane.<\/p>\n<p class=\"fig-paragraph\">Deux militaires de la Garde nationale ont \u00e9t\u00e9\u00a0<a href=\"http:\/\/www.lefigaro.fr\/international\/deux-militaires-cibles-par-des-tirs-a-washington-a-proximite-de-la-maison-blanche-20251126\" target=\"_blank\" data-fig-type=\"NewsFlash\" rel=\"noopener\" data-gtm-custom-categorie=\"navigation\" data-gtm-custom-action=\"crossclick\" data-gtm-custom-label=\"Contextuel\" data-gtm-event=\"customEventSPE\" data-fig-domain=\"LEFIGARO\">gri\u00e8vement bless\u00e9s par un tireur isol\u00e9<\/a>\u00a0ce mercredi, \u00e0 deux pas de la Maison-Blanche. Vers 14h15 heure de Washington, un suspect \u00abest arriv\u00e9 \u00e0 l\u2019angle de la rue, a soulev\u00e9 son arme \u00e0 feu et a tir\u00e9 vers des gardes nationaux\u00bb en patrouille, a d\u00e9clar\u00e9 Jeffery Carroll, un responsable de la police de Washington. D\u2019autres gardes nationaux sont parvenus \u00e0 ma\u00eetriser l\u2019assaillant, lui-m\u00eame bless\u00e9 lors de l\u2019intervention.<\/p>\n<p class=\"fig-paragraph\">\u00abLes tirs \u00e9taient cibl\u00e9s\u00bb, a pr\u00e9cis\u00e9 la maire d\u00e9mocrate Muriel Bowser, tandis que les deux victimes, originaires de Virginie-Occidentale, demeurent dans un \u00ab\u00e9tat critique\u00bb selon le directeur du FBI Kash Patel. La police de Washington n\u2019a pour l\u2019instant \u00abconnaissance d\u2019aucun mobile\u00bb. En attendant, l\u2019enqu\u00eate se poursuit et le tireur a \u00e9t\u00e9 identifi\u00e9. D\u2019apr\u00e8s la presse am\u00e9ricaine, il s\u2019agirait d\u2019un certain Rahmanullah Lakanwal, un ancien militaire de 29 ans de nationalit\u00e9 afghane.<\/p>\n<p>                                    <a class=\"fig-a11y-skip a11y-hidden\" href=\"#fig-a11y-skip-main-inarticle\"><br \/>\n        Passer la publicit\u00e9<br \/>\n    <\/a><\/p>\n<p class=\"fig-paragraph\">Il serait arriv\u00e9 aux \u00c9tats-Unis en septembre 2021 apr\u00e8s la prise de pouvoir des talibans,\u00a0<a href=\"https:\/\/www.nbcnews.com\/news\/us-news\/live-blog\/live-updates-shooting-washington-dc-white-house-rcna246122#rcrd93584\" target=\"_blank\" rel=\"sponsored noopener\" data-gtm-custom-categorie=\"navigation\" data-gtm-custom-action=\"crossclick\" data-gtm-custom-label=\"Contextuel\" data-gtm-event=\"customEventSPE\">selon les informations recueillies par NBC News<\/a>\u00a0aupr\u00e8s d\u2019un proche du suspect. Ce dernier, qui a servi avec Lakanwal dans l\u2019arm\u00e9e afghane, indique que le suspect a pass\u00e9 dix ans au service des forces arm\u00e9es de son pays, travaillant aux c\u00f4t\u00e9s des forces sp\u00e9ciales am\u00e9ricaines.<\/p>\n<p>\u00abJ\u2019ai besoin de votre aide pour savoir pourquoi c\u2019est arriv\u00e9\u00bb<\/p>\n<p class=\"fig-paragraph\">Il a notamment \u00e9t\u00e9 stationn\u00e9 sur une base \u00e0 Kandahar, deuxi\u00e8me ville d\u2019Afghanistan la plus peupl\u00e9e apr\u00e8s Kaboul. \u00abC\u2019est nous qui \u00e9tions vis\u00e9s par les talibans en Afghanistan\u00bb, a d\u00e9clar\u00e9 ce proche \u00e0 NBC News. \u00abJe n\u2019arrive pas \u00e0 croire qu\u2019il ait pu faire une chose pareille.\u00bb Le t\u00e9moin, bless\u00e9 pendant son service militaire, affirme ne pas avoir parl\u00e9 \u00e0 Rahmanullah Lakanwal depuis plusieurs mois. La derni\u00e8re fois, l\u2019homme \u00e9tait employ\u00e9 chez Amazon.\u00abJe ne sais pas ce qui s\u2019est pass\u00e9\u00bb, l\u00e2che-t-il d\u2019une voix tremblante aupr\u00e8s de NBC News.<\/p>\n<p class=\"fig-paragraph\">\u00abJ\u2019ai besoin de votre aide pour savoir pourquoi c\u2019est arriv\u00e9\u00bb, ajoute-t-il avant d\u2019\u00e9clater en sanglots. Originaire de la province de Khost, Rahmanullah Lakanwal se serait install\u00e9 \u00e0 Bellingham, dans l\u2019\u00c9tat de Washington, sur la c\u00f4te ouest, avec sa femme et ses cinq gar\u00e7ons. Donald Trump a confirm\u00e9 dans un discours prononc\u00e9 mercredi soir que le suspect \u00e9tait \u00abentr\u00e9 en provenance d\u2019Afghanistan\u00bb en septembre 2021.<\/p>\n<p class=\"fig-paragraph\">\u00abSur la base des meilleures informations disponibles, le minist\u00e8re de la S\u00e9curit\u00e9 int\u00e9rieure est convaincu que le suspect en d\u00e9tention est un \u00e9tranger entr\u00e9 dans notre pays depuis l\u2019Afghanistan\u00bb, a d\u00e9clar\u00e9 Trump. Le pr\u00e9sident am\u00e9ricain a ensuite qualifi\u00e9 l\u2019Afghanistan de \u00abtrou \u00e0 rats sur Terre\u00bb. Deux hauts responsables des forces de l\u2019ordre am\u00e9ricaines ont indiqu\u00e9 \u00e0 NBC News que le suspect avait \u00e9t\u00e9 initialement identifi\u00e9 comme un ressortissant afghan, bien que Trump n\u2019ait pas explicitement confirm\u00e9 sa nationalit\u00e9.<\/p>\n","protected":false},"excerpt":{"rendered":"Un homme a ouvert le feu mercredi sur des soldats de la\u00a0Garde nationale\u00a0en plein centre de Washington, blessant&hellip;\n","protected":false},"author":2,"featured_media":561576,"comment_status":"","ping_status":"","sticky":false,"template":"","format":"standard","meta":{"footnotes":""},"categories":[1589],"tags":[11,73,1866,12,1864,1865,1863,308,2744],"class_list":{"0":"post-561575","1":"post","2":"type-post","3":"status-publish","4":"format-standard","5":"has-post-thumbnail","7":"category-etats-unis","8":"tag-actualites","9":"tag-etats-unis","10":"tag-etats-unis-damerique","11":"tag-news","12":"tag-united-states","13":"tag-united-states-of-america","14":"tag-us","15":"tag-usa","16":"tag-washington"},"share_on_mastodon":{"url":"https:\/\/pubeurope.com\/@fr\/115620045377442228","error":""},"_links":{"self":[{"href":"https:\/\/www.europesays.com\/fr\/wp-json\/wp\/v2\/posts\/561575","targetHints":{"allow":["GET"]}}],"collection":[{"href":"https:\/\/www.europesays.com\/fr\/wp-json\/wp\/v2\/posts"}],"about":[{"href":"https:\/\/www.europesays.com\/fr\/wp-json\/wp\/v2\/types\/post"}],"author":[{"embeddable":true,"href":"https:\/\/www.europesays.com\/fr\/wp-json\/wp\/v2\/users\/2"}],"replies":[{"embeddable":true,"href":"https:\/\/www.europesays.com\/fr\/wp-json\/wp\/v2\/comments?post=561575"}],"version-history":[{"count":0,"href":"https:\/\/www.europesays.com\/fr\/wp-json\/wp\/v2\/posts\/561575\/revisions"}],"wp:featuredmedia":[{"embeddable":true,"href":"https:\/\/www.europesays.com\/fr\/wp-json\/wp\/v2\/media\/561576"}],"wp:attachment":[{"href":"https:\/\/www.europesays.com\/fr\/wp-json\/wp\/v2\/media?parent=561575"}],"wp:term":[{"taxonomy":"category","embeddable":true,"href":"https:\/\/www.europesays.com\/fr\/wp-json\/wp\/v2\/categories?post=561575"},{"taxonomy":"post_tag","embeddable":true,"href":"https:\/\/www.europesays.com\/fr\/wp-json\/wp\/v2\/tags?post=561575"}],"curies":[{"name":"wp","href":"https:\/\/api.w.org\/{rel}","templated":true}]}}