{"id":561579,"date":"2025-11-27T05:38:16","date_gmt":"2025-11-27T05:38:16","guid":{"rendered":"https:\/\/www.europesays.com\/fr\/561579\/"},"modified":"2025-11-27T05:38:16","modified_gmt":"2025-11-27T05:38:16","slug":"lallemagne-et-la-grece-misent-sur-des-centres-de-retour-en-afrique","status":"publish","type":"post","link":"https:\/\/www.europesays.com\/fr\/561579\/","title":{"rendered":"l\u2019Allemagne et la Gr\u00e8ce misent sur des centres de retour en Afrique"},"content":{"rendered":"<p style=\"text-align: justify;\">La Gr\u00e8ce et l\u2019Allemagne travaillent \u00e0 un projet commun visant \u00e0 cr\u00e9er des centres de retour pour migrants dans des pays africains jug\u00e9s \u00ab s\u00fbrs \u00bb. L\u2019annonce a \u00e9t\u00e9 faite il y a quelques jours par le ministre grec de la Migration, Thanos Plevris, lors d\u2019une interview \u00e0 la cha\u00eene publique ERT.<\/p>\n<p style=\"text-align: justify;\">\u00ab Des discussions sont en cours avec des pays africains s\u00fbrs qui accepteront les migrants ill\u00e9gaux que nous ne pouvons pas renvoyer dans leur pays d\u2019origine \u00bb, a-t-il d\u00e9clar\u00e9, en soulignant que cette initiative ne relevait pas de l\u2019Union europ\u00e9enne mais d\u2019\u00c9tats volontaires. Il pr\u00e9cise : \u00ab L\u2019Allemagne a pris une initiative s\u00e9rieuse et nous avons officiellement exprim\u00e9 notre int\u00e9r\u00eat \u00e0 y participer \u00bb.<\/p>\n<p style=\"text-align: justify;\">Le ministre insiste sur la dimension dissuasive : \u00ab Si ces centres sont situ\u00e9s en dehors du continent europ\u00e9en, ils auront un effet dissuasif sur les migrants. [\u2026] Imaginez que vous preniez un \u00c9gyptien et que vous l\u2019envoyiez en Ouganda \u00bb.<\/p>\n<p><strong>Une alternative bilat\u00e9rale face \u00e0 l\u2019impasse europ\u00e9enne<\/strong><\/p>\n<p style=\"text-align: justify;\">Un responsable du minist\u00e8re allemand de l\u2019Int\u00e9rieur a confirm\u00e9 au m\u00e9dia Politico qu\u2019un \u00ab int\u00e9r\u00eat commun pour des \u201csolutions innovantes\u201d afin de r\u00e9duire l\u2019immigration clandestine \u00bb avait \u00e9t\u00e9 identifi\u00e9 lors de la rencontre du 4 novembre entre les ministres. Les deux pays \u00ab travaillent actuellement ensemble au niveau europ\u00e9en sur la base juridique n\u00e9cessaire \u00e0 la r\u00e9glementation en mati\u00e8re de retour \u00bb.<\/p>\n<p style=\"text-align: justify;\">Cette coop\u00e9ration intervient alors que les \u00c9tats membres, r\u00e9unis \u00e0 Luxembourg, n\u2019ont pas r\u00e9ussi \u00e0 s\u2019entendre sur la cr\u00e9ation de centres de retour pour demandeurs d\u2019asile d\u00e9bout\u00e9s.<br \/>La Gr\u00e8ce, qui a adopt\u00e9 une ligne dure en mati\u00e8re d\u2019immigration ces derni\u00e8res ann\u00e9es, estime d\u00e9sormais que les dispositifs situ\u00e9s hors d\u2019Europe seraient plus efficaces que des solutions comme le projet italien en Albanie, aujourd\u2019hui au point mort en raison d\u2019incertitudes juridiques.<\/p>\n<p style=\"text-align: justify;\">Thanos Plevris a rappel\u00e9 la baisse des arriv\u00e9es en Gr\u00e8ce : environ 23 000 en 2024, contre 12 000 enregistr\u00e9es jusqu\u2019\u00e0 pr\u00e9sent cette ann\u00e9e.<\/p>\n<p><strong>Vers une externalisation assum\u00e9e de la politique migratoire<\/strong><\/p>\n<p style=\"text-align: justify;\">Ce rapprochement entre Ath\u00e8nes et Berlin constitue l\u2019un des signaux les plus clairs d\u2019une volont\u00e9 d\u2019externaliser la gestion migratoire en s\u2019appuyant sur des partenariats bilat\u00e9raux plut\u00f4t que sur un consensus europ\u00e9en introuvable.<\/p>\n<p style=\"text-align: justify;\">Pour Ath\u00e8nes, aux avant-postes des routes m\u00e9diterran\u00e9ennes, comme pour Berlin, confront\u00e9 \u00e0 un d\u00e9bat int\u00e9rieur croissant, ces \u00ab solutions innovantes \u00bb ouvrent la voie \u00e0 un mod\u00e8le o\u00f9 les proc\u00e9dures de retour seraient trait\u00e9es en Afrique plut\u00f4t qu\u2019en Europe, dans l\u2019espoir de r\u00e9duire les arriv\u00e9es ill\u00e9gales et de restaurer un contr\u00f4le migratoire plus ferme.<\/p>\n<p style=\"text-align: justify;\">Cr\u00e9dit photo : DR (photo d\u2019illustration)<br \/>[cc] Article relu et corrig\u00e9 par ChatGPT. Breizh-info.com, 2025, d\u00e9p\u00eaches libres de copie et de diffusion sous r\u00e9serve de mention et de lien vers la source d\u2019origine<\/p>\n","protected":false},"excerpt":{"rendered":"La Gr\u00e8ce et l\u2019Allemagne travaillent \u00e0 un projet commun visant \u00e0 cr\u00e9er des centres de retour pour migrants&hellip;\n","protected":false},"author":2,"featured_media":561580,"comment_status":"","ping_status":"","sticky":false,"template":"","format":"standard","meta":{"footnotes":""},"categories":[1587],"tags":[11,672,1804,67821,1805,1803,1777,674,1801,8906,12,1802,67822],"class_list":{"0":"post-561579","1":"post","2":"type-post","3":"status-publish","4":"format-standard","5":"has-post-thumbnail","7":"category-allemagne","8":"tag-actualites","9":"tag-allemagne","10":"tag-bundesrepublik-deutschland","11":"tag-centres-de-retour","12":"tag-de","13":"tag-deutschland","14":"tag-eu","15":"tag-europe","16":"tag-germany","17":"tag-grece","18":"tag-news","19":"tag-republique-federale-dallemagne","20":"tag-thanos-plevris"},"share_on_mastodon":{"url":"https:\/\/pubeurope.com\/@fr\/115620053391303079","error":""},"_links":{"self":[{"href":"https:\/\/www.europesays.com\/fr\/wp-json\/wp\/v2\/posts\/561579","targetHints":{"allow":["GET"]}}],"collection":[{"href":"https:\/\/www.europesays.com\/fr\/wp-json\/wp\/v2\/posts"}],"about":[{"href":"https:\/\/www.europesays.com\/fr\/wp-json\/wp\/v2\/types\/post"}],"author":[{"embeddable":true,"href":"https:\/\/www.europesays.com\/fr\/wp-json\/wp\/v2\/users\/2"}],"replies":[{"embeddable":true,"href":"https:\/\/www.europesays.com\/fr\/wp-json\/wp\/v2\/comments?post=561579"}],"version-history":[{"count":0,"href":"https:\/\/www.europesays.com\/fr\/wp-json\/wp\/v2\/posts\/561579\/revisions"}],"wp:featuredmedia":[{"embeddable":true,"href":"https:\/\/www.europesays.com\/fr\/wp-json\/wp\/v2\/media\/561580"}],"wp:attachment":[{"href":"https:\/\/www.europesays.com\/fr\/wp-json\/wp\/v2\/media?parent=561579"}],"wp:term":[{"taxonomy":"category","embeddable":true,"href":"https:\/\/www.europesays.com\/fr\/wp-json\/wp\/v2\/categories?post=561579"},{"taxonomy":"post_tag","embeddable":true,"href":"https:\/\/www.europesays.com\/fr\/wp-json\/wp\/v2\/tags?post=561579"}],"curies":[{"name":"wp","href":"https:\/\/api.w.org\/{rel}","templated":true}]}}