{"id":561581,"date":"2025-11-27T05:39:22","date_gmt":"2025-11-27T05:39:22","guid":{"rendered":"https:\/\/www.europesays.com\/fr\/561581\/"},"modified":"2025-11-27T05:39:22","modified_gmt":"2025-11-27T05:39:22","slug":"face-a-la-menace-russe-la-france-doit-elle-retablir-le-service-militaire-ailleurs-en-europe-les-etats-remobilisent-deja-leur-jeunesse","status":"publish","type":"post","link":"https:\/\/www.europesays.com\/fr\/561581\/","title":{"rendered":"Face \u00e0 la menace russe, la France doit-elle r\u00e9tablir le service militaire ? Ailleurs en Europe, les \u00c9tats remobilisent d\u00e9j\u00e0 leur jeunesse"},"content":{"rendered":"<p class=\"article-p mdl\">Pr\u00e8s de 30 ans apr\u00e8s la fin de la conscription, en 1997 sous Jacques Chirac, la France r\u00e9\u00e9value sa posture face \u00e0 la menace russe.<strong>\u00a0<\/strong>Emmanuel Macron est cens\u00e9 d\u00e9voiler ce jeudi 27 novembre dans les Alpes un nouveau\u00a0<a class=\"link\" href=\"https:\/\/www.rtl.fr\/actu\/politique\/la-france-doit-continuer-d-etre-une-nation-forte-l-idee-d-un-service-militaire-volontaire-fait-son-chemin-7900570327\" target=\"_blank\" rel=\"noopener\">service militaire volontaire<\/a>.\u00a0<\/p>\n<p class=\"article-p mdl\">Sur RTL et M6, ce mardi 25 novembre, le pr\u00e9sident de la R\u00e9publique a d\u00e9j\u00e0 \u00e9voqu\u00e9\u00a0<a class=\"link\" href=\"https:\/\/www.rtl.fr\/actu\/politique\/document-rtl-m6-vers-un-service-militaire-volontaire-pour-emmanuel-macron-nous-devons-renforcer-le-pacte-armee-nation-7900570803\" title=\"DOCUMENT RTL\/M6 - Vers un service militaire volontaire ? Pour Emmanuel Macron, &quot;nous devons renforcer le pacte arm\u00e9e-Nation&quot;\" target=\"_blank\" rel=\"noopener\">\u00ab\u00a0la transformation du Service national universel vers une nouvelle forme\u00a0\u00bb<\/a>. \u00ab\u00a0Il est tr\u00e8s clair que nous devons renforcer le pacte arm\u00e9e-Nation\u00a0\u00bb, a plaid\u00e9 le chef de l&rsquo;\u00c9tat.\u00a0<\/p>\n<p class=\"article-p mdl\">\u00ab\u00a0Dans le monde o\u00f9 nous vivons fait d&rsquo;incertitudes, d&rsquo;une mont\u00e9e des tensions, si nous voulons v\u00e9ritablement \u00eatre en s\u00e9curit\u00e9, il faut dissuader l&rsquo;autre de venir (&#8230;). La France doit continuer d&rsquo;\u00eatre une nation forte avec une arm\u00e9e forte mais avec aussi une capacit\u00e9 de sursaut collectif\u00a0\u00bb, avait-il affirm\u00e9 samedi dernier, en marge du G20 \u00e0 Johannesburg, en Afrique du Sud.\u00a0<\/p>\n<p class=\"article-p mdl\">\u00ab\u00a0De nombreux voisins en Europe sont en train de r\u00e9introduire un service national\u00a0\u00bb, a \u00e9galement fait valoir samedi sur France 5 le chef d&rsquo;\u00e9tat-major des arm\u00e9es, le g\u00e9n\u00e9ral Fabien Mandon, estimant que cela faisait partie d'\u00a0\u00bb\u00e9l\u00e9ments qui sont \u00e0 observer dans notre pays\u00a0\u00bb.\u00a0<\/p>\n<p class=\"article-p mdl\">En effet, sur fond de guerre en Europe, plusieurs pays ont maintenu ou r\u00e9tabli ces derni\u00e8res ann\u00e9es le\u00a0<a class=\"link\" href=\"https:\/\/www.rtl.fr\/actu\/debats-societe\/service-militaire-selon-un-sondage-six-francais-sur-dix-sont-favorables-a-son-retablissement-7900480930\" target=\"_blank\" rel=\"noopener\">service militaire<\/a>\u00a0obligatoire. C&rsquo;est le cas notamment des pays scandinaves et baltes, voisins du g\u00e9ant russe. \u00ab\u00a0Ce sont les \u00c9tats dits &lsquo;du flanc Est&rsquo; de l&rsquo;Otan, en contact direct avec le conflit russo-ukrainien (Roumanie), ceux qui ont des populations limit\u00e9es (les \u00c9tats baltes) et ceux qui ont rejoint l&rsquo;Otan r\u00e9cemment (Finlande, Su\u00e8de)\u00a0\u00bb, pr\u00e9cise Cyrille Bret, expert \u00e0 l&rsquo;institut Montaigne, interrog\u00e9 par RTL.\u00a0<\/p>\n<p class=\"article-p mdl\">\u00ab\u00a0Tous partagent l\u2019id\u00e9e que la masse humaine compte\u00a0\u00bb, analyse le chercheur. \u00ab\u00a0Ils ont observ\u00e9 les difficult\u00e9s des troupes ukrainiennes dues \u00e0 la\u00a0<a class=\"link\" href=\"https:\/\/www.rtl.fr\/actu\/international\/guerre-en-ukraine-deux-ans-apres-le-debut-du-conflit-quel-est-l-etat-du-front-ukrainien-7900356582\" target=\"_blank\" rel=\"noopener\">p\u00e9nurie de soldats<\/a>. Ils ont compris que le service militaire permettait de mobiliser la population, de disposer d\u2019une r\u00e9serve op\u00e9rationnelle en cas d\u2019attaque et de peser au sein des coalitions.\u00a0\u00bb<\/p>\n<p>            Une mani\u00e8re de dissuader la Russie<\/p>\n<p class=\"article-p mdl\">Si certains pays n&rsquo;ont jamais abandonn\u00e9 la conscription (Autriche, Chypre, Danemark, Estonie, Finlande et Gr\u00e8ce), la question de l&rsquo;engagement militaire des jeunes anime le continent europ\u00e9en depuis les\u00a0<a class=\"link\" href=\"https:\/\/www.rtl.fr\/actu\/international\/guerre-en-ukraine-accident-ou-attaque-que-s-est-il-vraiment-passe-en-crimee-7900176371\" target=\"_blank\" rel=\"noopener\">agressions russes contre l&rsquo;Ukraine en 2014<\/a>. En r\u00e9action, plusieurs \u00c9tats ont opt\u00e9 pour la r\u00e9introduction du service militaire obligatoire afin de renforcer leurs capacit\u00e9s de d\u00e9fense. La Lituanie est le premier pays \u00e0 avoir franchi le pas, avec un syst\u00e8me par tirage au sort, d\u00e8s 2015.\u00a0La Lettonie a suivi en 2023.\u00a0<\/p>\n<p>        \u00c0 \u00e9couter<\/p>\n<p class=\"col-12 col-md-11\">\n<p>                                Ukraine, menace russe, dissolution&#8230; \u00c9couter l&rsquo;interview exclusive d&rsquo;Emmanuel Macron sur RTL\/M6\n                        <\/p>\n<p class=\"article-p mdl\">Le service militaire a \u00e9galement \u00e9t\u00e9 r\u00e9instaur\u00e9 en Su\u00e8de en 2017, avec une s\u00e9lection bas\u00e9e sur la motivation et la qualification. En Croatie, un service militaire de deux mois sera obligatoire pour les hommes \u00e0 compter de 2026. \u00ab\u00a0Tous ces \u00c9tats ont observ\u00e9 avec attention la mont\u00e9e en puissance num\u00e9rique du nombre de combattants russes depuis 2014\u00a0\u00bb, assure Cyrille Bret. \u00ab\u00a0. En une d\u00e9cennie, les effectifs russes ont doubl\u00e9, passant de 800 000 combattants \u00e0 1,5 million.\u00a0\u00bb<\/p>\n<p>\u00ab\u00a0La masse compte dans les conflits de haute intensit\u00e9 et de longue dur\u00e9e\u00a0\u00bb, estime l&rsquo;expert. \u00ab\u00a0Disposer d\u2019effectifs larges entra\u00een\u00e9s gr\u00e2ce au service militaire permet, selon eux, de dissuader la Russie de passer \u00e0 l\u2019attaque. Et si l\u2019invasion est caract\u00e9ris\u00e9e, le service militaire permet de disposer de r\u00e9serves de combattants pour r\u00e9sister au premier choc et combattre dans la dur\u00e9e.\u00a0\u00bb<\/p>\n<p>    Au Danemark, le service militaire obligatoire pour les femmes<\/p>\n<p class=\"article-p mdl\">Au total, selon un\u00a0<a class=\"link\" href=\"https:\/\/www.strategie-plan.gouv.fr\/files\/files\/Presse\/CP%202025\/2025-05-05%20-%20SNU\/CP_Note%20flash_Service%20national_2904_maj_vuGM%20revCB.pdf?utm_source=chatgpt.com\" target=\"_blank\" rel=\"noopener\">rapport<\/a>\u00a0du Haut-commissaire au Plan de d\u00e9but mai, dix pays de l\u2019Union europ\u00e9enne ont aujourd\u2019hui un service militaire obligatoire pour les hommes (Autriche, Chypre, Croatie, Estonie, Finlande, Gr\u00e8ce, Lettonie, Lituanie, Danemark et Su\u00e8de). En Su\u00e8de, la conscription est aussi obligatoire pour les femmes.\u00a0<\/p>\n<p>La Norv\u00e8ge, qui ne fait pas partie de l&rsquo;UE mais qui est membre de l&rsquo;Otan, inclut \u00e9galement les femmes. Par ailleurs, en Autriche, dans les pays baltes et en Finlande, celles-ci peuvent se porter volontaires. Le Danemark aussi, a d\u00e9cid\u00e9\u00a0d\u2019\u00e9tendre son service militaire obligatoire aux jeunes femmes, d\u00e8s 18 ans, \u00e0 partir de 2026. Elles pourront \u00eatre s\u00e9lectionn\u00e9es par tirage au sort, selon les m\u00eames r\u00e8gles que pour les hommes. La dur\u00e9e du service militaire passera \u00e9galement de 4 \u00e0 11 mois.\u00a0<\/p>\n<p>        \u00c0 \u00e9couter<\/p>\n<p class=\"col-12 col-md-11\">\n<p>                                Danemark : sur une base militaire avec des femmes appel\u00e9es pour le service militaire\n                        <\/p>\n<p class=\"article-p mdl\">Une avanc\u00e9e au nom de l&rsquo;\u00e9galit\u00e9 des genres qui traduit un besoin d\u2019effectifs face aux menaces russes, notamment en mer Baltique. Cela \u00ab\u00a0permet d\u2019\u00e9largir le lien entre la nation et l\u2019arm\u00e9e. Sans compter que, dans ce pays aussi, la population est r\u00e9duite avec 6 millions d\u2019habitants\u00a0\u00bb, souligne Cyrille Bret.<\/p>\n<p>    Un service bas\u00e9 sur le volontariat en Allemagne d\u00e8s 2026<\/p>\n<p class=\"article-p mdl\">Apr\u00e8s des mois de tergiversation, l&rsquo;Allemagne, l&rsquo;un des principaux soutiens \u00e0 l&rsquo;Ukraine dans sa guerre contre la Russie, a d\u00e9cid\u00e9 de mettre en place un nouveau\u00a0<a class=\"link\" href=\"https:\/\/www.rtl.fr\/actu\/international\/allemagne-le-service-militaire-obligatoire-va-t-il-faire-son-retour-7900534132\" target=\"_blank\" rel=\"noopener\">service militaire bas\u00e9 sur le volontariat<\/a>.\u00a0Les femmes pourront aussi y participer.\u00a0<\/p>\n<p>Cette mesure doit permettre d&rsquo;augmenter le nombre de volontaires, alors que le chancelier Friedrich Merz a pour ambition de b\u00e2tir l&rsquo;arm\u00e9e conventionnelle la plus puissante d&rsquo;Europe. Les objectifs de l&rsquo;Otan pr\u00e9voient que l&rsquo;Allemagne porte ses\u00a0<a class=\"link\" href=\"https:\/\/www.rtl.fr\/actu\/international\/l-allemagne-va-avoir-besoin-de-50-000-a-60-000-soldats-supplementaires-7900512692\" target=\"_blank\" rel=\"noopener\">effectifs militaires<\/a>\u00a0\u00e0 460.000 soldats, dont 260.000 militaires d&rsquo;active et 200.000 r\u00e9servistes. La Bundeswehr en est loin, avec respectivement 182.000 et 49.000 soldats dans chaque cat\u00e9gorie, rapporte l&rsquo;Agence France-Presse.<\/p>\n<p>Aux Pays-Bas, un service militaire volontaire a \u00e9galement \u00e9t\u00e9 introduit depuis 2023, dans l&rsquo;objectif de presque tripler les effectifs militaires de ses forces arm\u00e9es, qui devraient passer de 70 000 \u00e0 200 000 d&rsquo;ici \u00e0 2030.\u00a0Sur ce mod\u00e8le, le minist\u00e8re de la D\u00e9fense belge souhaite, lui aussi, relancer le service militaire sur la base du volontariat en 2026. Une lettre a ainsi \u00e9t\u00e9 envoy\u00e9e \u00e0 pr\u00e8s de 150.000 jeunes, les invitant \u00e0 participer \u00e0 un service d\u2019un an. L&rsquo;objectif pour la Belgique est de former 500 recrues par an et ainsi d&rsquo;augmenter le nombre de r\u00e9servistes, pr\u00e9cise la\u00a0<a class=\"link\" href=\"https:\/\/www.rtbf.be\/article\/a-quoi-ressemblera-le-service-militaire-volontaire-en-belgique-les-pays-bas-l-ont-deja-instaure-11527615\" target=\"_blank\" rel=\"noopener\">RTBF<\/a>.<\/p>\n<p>        \u00c0 \u00e9couter<\/p>\n<p class=\"col-12 col-md-11\">\n<p>                                22 f\u00e9vrier 1996 : Jacques Chirac annonce la fin du service militaire\n                        <\/p>\n<p class=\"article-p mdl\">La Pologne cherche \u00e9galement \u00e0\u00a0accro\u00eetre ses r\u00e9serves militaires, avec le lancement d&rsquo;un nouveau programme de formation.\u00a0Le Premier ministre Donald Tusk vise \u00e0 former\u00a0100.000 volontaires par an en 2027. Des d\u00e9bats sur sa r\u00e9introduction et la forme \u00e0 lui donner sont \u00e9galement men\u00e9s au Royaume-Uni. Le Premier ministre Keir Starmer a lanc\u00e9 en septembre 2024 une r\u00e9flexion sur un service militaire facultatif de douze mois, pour les jeunes de 18 ans, en \u00e9change d\u2019une r\u00e9mun\u00e9ration d\u2019apprenti.<\/p>\n<p>    La r\u00e9daction vous recommande<\/p>\n<p class=\"s-newsletter__title\">\n                L\u2019actualit\u00e9 par la r\u00e9daction de RTL dans votre bo\u00eete mail.\n            <\/p>\n<p class=\"s-newsletter__subtitle\">\n                Gr\u00e2ce \u00e0 votre compte RTL abonnez-vous \u00e0 la newsletter RTL info pour suivre toute l&rsquo;actualit\u00e9 au quotidien\n            <\/p>\n<p>\n                                    Lire la suite\n                                <\/p>\n","protected":false},"excerpt":{"rendered":"Pr\u00e8s de 30 ans apr\u00e8s la fin de la conscription, en 1997 sous Jacques Chirac, la France r\u00e9\u00e9value&hellip;\n","protected":false},"author":2,"featured_media":561582,"comment_status":"","ping_status":"","sticky":false,"template":"","format":"standard","meta":{"footnotes":""},"categories":[1586],"tags":[11,1073,1777,674,107,1011,27,131,13264,12,25],"class_list":{"0":"post-561581","1":"post","2":"type-post","3":"status-publish","4":"format-standard","5":"has-post-thumbnail","7":"category-europe","8":"tag-actualites","9":"tag-emmanuel-macron","10":"tag-eu","11":"tag-europe","12":"tag-fil-info","13":"tag-fr","14":"tag-france","15":"tag-guerre-en-ukraine","16":"tag-militaires","17":"tag-news","18":"tag-republique-francaise"},"share_on_mastodon":{"url":"https:\/\/pubeurope.com\/@fr\/115620057216681715","error":""},"_links":{"self":[{"href":"https:\/\/www.europesays.com\/fr\/wp-json\/wp\/v2\/posts\/561581","targetHints":{"allow":["GET"]}}],"collection":[{"href":"https:\/\/www.europesays.com\/fr\/wp-json\/wp\/v2\/posts"}],"about":[{"href":"https:\/\/www.europesays.com\/fr\/wp-json\/wp\/v2\/types\/post"}],"author":[{"embeddable":true,"href":"https:\/\/www.europesays.com\/fr\/wp-json\/wp\/v2\/users\/2"}],"replies":[{"embeddable":true,"href":"https:\/\/www.europesays.com\/fr\/wp-json\/wp\/v2\/comments?post=561581"}],"version-history":[{"count":0,"href":"https:\/\/www.europesays.com\/fr\/wp-json\/wp\/v2\/posts\/561581\/revisions"}],"wp:featuredmedia":[{"embeddable":true,"href":"https:\/\/www.europesays.com\/fr\/wp-json\/wp\/v2\/media\/561582"}],"wp:attachment":[{"href":"https:\/\/www.europesays.com\/fr\/wp-json\/wp\/v2\/media?parent=561581"}],"wp:term":[{"taxonomy":"category","embeddable":true,"href":"https:\/\/www.europesays.com\/fr\/wp-json\/wp\/v2\/categories?post=561581"},{"taxonomy":"post_tag","embeddable":true,"href":"https:\/\/www.europesays.com\/fr\/wp-json\/wp\/v2\/tags?post=561581"}],"curies":[{"name":"wp","href":"https:\/\/api.w.org\/{rel}","templated":true}]}}