{"id":561583,"date":"2025-11-27T05:40:20","date_gmt":"2025-11-27T05:40:20","guid":{"rendered":"https:\/\/www.europesays.com\/fr\/561583\/"},"modified":"2025-11-27T05:40:20","modified_gmt":"2025-11-27T05:40:20","slug":"lirlande-maillon-faible-de-leurope-face-a-la-menace-russe","status":"publish","type":"post","link":"https:\/\/www.europesays.com\/fr\/561583\/","title":{"rendered":"L&rsquo;Irlande, maillon faible de l&rsquo;Europe face \u00e0 la menace russe"},"content":{"rendered":"<p>La neutralit\u00e9 militaire, consubstantielle \u00e0 l&rsquo;identit\u00e9 de la r\u00e9publique d&rsquo;<a href=\"https:\/\/www.geo.fr\/voyage\/samhain-aux-origines-celtiques-et-mystiques-d-halloween-en-irlande-229034\" target=\"_blank\" rel=\"noopener\">Irlande<\/a>, devient un probl\u00e8me pour toute l&rsquo;<a href=\"https:\/\/www.geo.fr\/geopolitique\/avec-l-arrivee-de-nouveaux-partenaires-commerciaux-quel-avenir-pour-les-relations-europe-afrique-229654\" target=\"_blank\" rel=\"noopener\">Europe<\/a>. Priv\u00e9 de marine jusqu&rsquo;en 1946, le pays ne dispose aujourd&rsquo;hui que de quatre navires de guerre op\u00e9rationnels. Par ailleurs, il est d\u00e9pourvu des infrastructures n\u00e9cessaires pour recevoir des renseignements classifi\u00e9s de ses alli\u00e9s de l&rsquo;<a href=\"https:\/\/www.geo.fr\/geopolitique\/si-la-russie-attaque-l-europe-l-otan-mettra-beaucoup-trop-longtemps-a-reagir-229601\" target=\"_blank\" rel=\"noopener\">OTAN<\/a>, d\u00e9voile le <a href=\"https:\/\/www.ft.com\/content\/4748d385-877b-40f3-a1ca-0b8ed5177658\" target=\"_blank\" rel=\"noopener\">Financial Times<\/a> apr\u00e8s s&rsquo;\u00eatre entretenu avec plusieurs officiers de marine europ\u00e9ens.<\/p>\n<p>\u00ab\u00a0L\u2019Irlande abrite des g\u00e9ants de la tech, de l\u2019industrie <a href=\"https:\/\/www.geo.fr\/sciences\/un-procede-innovant-pourrait-transformer-lindustrie-pharmaceutique-et-reduire-les-couts-des-medicaments-224065\" target=\"_blank\" rel=\"noopener\">pharmaceutique <\/a>et [de la <a href=\"https:\/\/www.geo.fr\/sciences\/une-puce-analogique-qui-traite-les-donnees-1000-fois-plus-vite-que-les-meilleurs-processeurs-du-marche-creee-en-chine-229315\" target=\"_blank\" rel=\"noopener\">donn\u00e9e<\/a>], ce qui fait de nous une cible \u00e0 haute valeur ajout\u00e9e\u00a0\u00bb, explique Cathal Berry, ex-d\u00e9put\u00e9 et ancien num\u00e9ro deux de l&rsquo;Army Ranger Wing, principale unit\u00e9 des <a href=\"https:\/\/www.geo.fr\/geopolitique\/forces-speciales-ukrainiennes-une-mission-audacieuse-en-territoire-russe-228819\" target=\"_blank\" rel=\"noopener\">forces sp\u00e9ciales<\/a> irlandaises. \u00ab\u00a0Nous sommes membres de l\u2019Union europ\u00e9enne, mais pas de l\u2019OTAN\u2026 Si l\u2019on voulait faire pression sur l\u2019Union europ\u00e9enne, la frapper sans craindre de repr\u00e9sailles de l\u2019OTAN, l\u2019Irlande serait [l&rsquo;endroit id\u00e9al].\u00a0\u00bb<\/p>\n<p>Ch\u00e9rie, \u00e7a va couper<\/p>\n<p>La semaine derni\u00e8re, le <a href=\"https:\/\/www.geo.fr\/geopolitique\/russie-ukraine-quand-mer-noire-navire-espion-russe-liman-etait-coule-par-un-cargo-et-9000-moutons-bosphore-turquie-216787\" target=\"_blank\" rel=\"noopener\">navire-espion<\/a> russe Yantar a \u00e9t\u00e9 aper\u00e7u au large de l&rsquo;<a href=\"https:\/\/www.geo.fr\/environnement\/du-malt-a-la-bouteille-ce-que-cache-vraiment-la-fabrication-du-whisky-en-ecosse-229251\" target=\"_blank\" rel=\"noopener\">\u00c9cosse<\/a>, faisant route vers les eaux irlandaises, et s&rsquo;amusant au passage \u00e0 \u00e9blouir les aviateurs de la <a href=\"https:\/\/www.geo.fr\/geopolitique\/comment-le-nouveau-drone-de-la-royal-air-force-capable-de-brouiller-les-radars-ennemis-s-inspire-de-la-guerre-en-ukraine-226411\" target=\"_blank\" rel=\"noopener\">Royal Air Force<\/a> britannique avec des <a href=\"https:\/\/www.geo.fr\/sciences\/des-lasers-sans-terres-rares-comment-l-allemagne-cherche-a-s-affranchir-des-importations-chinoises-226862\" target=\"_blank\" rel=\"noopener\">lasers<\/a>. Le Yantar est op\u00e9r\u00e9 par la Direction principale de la recherche en eaux profondes (GUGI), l&rsquo;une des unit\u00e9s les plus secr\u00e8tes de la Flotte maritime militaire de Russie. Il est charg\u00e9 de cartographier, surveiller et espionner les <a href=\"https:\/\/www.geo.fr\/geopolitique\/des-barges-amphibies-geantes-et-un-coupe-cables-sous-marins-la-chine-muscle-sa-flotte-face-a-taiwan-225318\" target=\"_blank\" rel=\"noopener\">c\u00e2bles sous-marins<\/a>.<\/p>\n<p>\u00ab\u00a0Aujourd&rsquo;hui, les 3\/4 des c\u00e2bles sous-marins de l&rsquo;h\u00e9misph\u00e8re nord traversent le vaste territoire maritime [de l&rsquo;Irlande], dont la superficie repr\u00e9sente plus de dix fois celle de ses terres \u00e9merg\u00e9es, rappelle le Financial Times. Tout dommage caus\u00e9 \u00e0 ces infrastructures pourrait perturber les march\u00e9s financiers en Europe et aux \u00c9tats-Unis et provoquer une panne d&rsquo;internet massive, affectant les foyers, les h\u00f4pitaux, les banques et les entreprises.\u00a0\u00bb<\/p>\n<p>B\u00e9r\u00e9zina en haute mer<\/p>\n<p>D\u00e9pourvue de <a href=\"https:\/\/www.geo.fr\/geopolitique\/en-crimee-l-ukraine-terrasse-les-radars-russes-avec-des-couples-de-drones-navals-et-bombardiers-227449\" target=\"_blank\" rel=\"noopener\">radars<\/a>, de <a href=\"https:\/\/www.geo.fr\/environnement\/le-stress-de-la-baleine-a-bec-face-aux-sonars-militaires-194387\" target=\"_blank\" rel=\"noopener\">sonars <\/a>et de <a href=\"https:\/\/www.geo.fr\/geopolitique\/terreur-en-profondeur-les-drones-submersibles-ukrainiens-une-nouvelle-menace-pour-la-russie-224708\" target=\"_blank\" rel=\"noopener\">submersibles <\/a>adapt\u00e9s, l&rsquo;arm\u00e9e irlandaise est \u00ab\u00a0[quasiment incapable]\u00a0\u00bb de prot\u00e9ger les c\u00e2bles sous-marins, alerte l&rsquo;officier de marine Caoimh\u00edn Mac Unfraidh, une trentaine d&rsquo;ann\u00e9es de carri\u00e8re militaire au compteur. Pour son alimentation en \u00e9nergie, l&rsquo;Irlande d\u00e9pend aussi d&rsquo;infrastructures sous-marines\u00a0: ol\u00e9oducs, gazoducs, c\u00e2bles \u00e9lectriques. S&rsquo;ils venaient \u00e0 \u00eatre attaqu\u00e9s, le pays serait rapidement plong\u00e9 dans le noir.<\/p>\n<p>\u00ab\u00a0La capacit\u00e9 de l&rsquo;Irlande \u00e0 surveiller les activit\u00e9s russes est compromise par l&rsquo;absence d&rsquo;un service de renseignement d\u00e9di\u00e9, ajoute le quotidien britannique. La s\u00e9curit\u00e9 est assur\u00e9e par une branche de la Garda S\u00edoch\u00e1na (police irlandaise) et un service de renseignement militaire au sein des forces de d\u00e9fense.\u00a0\u00bb Le pays est donc d\u00e9pourvu d&rsquo;habilitations de s\u00e9curit\u00e9 et de communications s\u00e9curis\u00e9es au-del\u00e0 du niveau \u00ab\u00a0secret\u00a0\u00bb, ce qui emp\u00eache ses alli\u00e9s de lui partager du renseignement.<\/p>\n<p>Avec 1,5 milliards d&rsquo;euros en 2026 (un record), le budget militaire irlandais, qui repr\u00e9sente \u00e0 peine 1% du <a href=\"https:\/\/www.geo.fr\/environnement\/le-pib-mondial-par-habitant-ampute-d-un-quart-des-economistes-de-cambridge-chiffrent-le-cout-faramineux-de-l-inaction-climatique-228743\" target=\"_blank\" rel=\"noopener\">PIB<\/a>, est l&rsquo;un des plus faibles du continent, notamment en raison de la tradition de neutralit\u00e9 militaire du pays. \u00c9galement sous la menace des intrusions de drones qui se multiplient en Europe, Dublin envisage d&rsquo;appeler en renfort, lors de sa pr\u00e9sidence de l&rsquo;UE qui d\u00e9marrera en juillet 2026&#8230; une fr\u00e9gate fran\u00e7aise.<\/p>\n","protected":false},"excerpt":{"rendered":"La neutralit\u00e9 militaire, consubstantielle \u00e0 l&rsquo;identit\u00e9 de la r\u00e9publique d&rsquo;Irlande, devient un probl\u00e8me pour toute l&rsquo;Europe. Priv\u00e9 de&hellip;\n","protected":false},"author":2,"featured_media":561584,"comment_status":"","ping_status":"","sticky":false,"template":"","format":"standard","meta":{"footnotes":""},"categories":[1586],"tags":[10714,11,9929,4777,1777,674,1779,1011,27,131,12,136,25,1778,364],"class_list":{"0":"post-561583","1":"post","2":"type-post","3":"status-publish","4":"format-standard","5":"has-post-thumbnail","7":"category-europe","8":"tag-actu-russie","9":"tag-actualites","10":"tag-du00e9fense","11":"tag-espionnage","12":"tag-eu","13":"tag-europe","14":"tag-european-union","15":"tag-fr","16":"tag-france","17":"tag-guerre-en-ukraine","18":"tag-news","19":"tag-otan","20":"tag-republique-francaise","21":"tag-ue","22":"tag-union-europeenne"},"share_on_mastodon":{"url":"https:\/\/pubeurope.com\/@fr\/115620061109622304","error":""},"_links":{"self":[{"href":"https:\/\/www.europesays.com\/fr\/wp-json\/wp\/v2\/posts\/561583","targetHints":{"allow":["GET"]}}],"collection":[{"href":"https:\/\/www.europesays.com\/fr\/wp-json\/wp\/v2\/posts"}],"about":[{"href":"https:\/\/www.europesays.com\/fr\/wp-json\/wp\/v2\/types\/post"}],"author":[{"embeddable":true,"href":"https:\/\/www.europesays.com\/fr\/wp-json\/wp\/v2\/users\/2"}],"replies":[{"embeddable":true,"href":"https:\/\/www.europesays.com\/fr\/wp-json\/wp\/v2\/comments?post=561583"}],"version-history":[{"count":0,"href":"https:\/\/www.europesays.com\/fr\/wp-json\/wp\/v2\/posts\/561583\/revisions"}],"wp:featuredmedia":[{"embeddable":true,"href":"https:\/\/www.europesays.com\/fr\/wp-json\/wp\/v2\/media\/561584"}],"wp:attachment":[{"href":"https:\/\/www.europesays.com\/fr\/wp-json\/wp\/v2\/media?parent=561583"}],"wp:term":[{"taxonomy":"category","embeddable":true,"href":"https:\/\/www.europesays.com\/fr\/wp-json\/wp\/v2\/categories?post=561583"},{"taxonomy":"post_tag","embeddable":true,"href":"https:\/\/www.europesays.com\/fr\/wp-json\/wp\/v2\/tags?post=561583"}],"curies":[{"name":"wp","href":"https:\/\/api.w.org\/{rel}","templated":true}]}}